{"id":191891,"date":"2021-11-21T13:44:36","date_gmt":"2021-11-21T19:44:36","guid":{"rendered":"https:\/\/plazajuarez.mx\/?p=191891"},"modified":"2021-11-21T13:53:17","modified_gmt":"2021-11-21T19:53:17","slug":"ejecutan-a-balazos-al-propietario-de-una-purificadora-en-tula","status":"publish","type":"post","link":"https:\/\/plazajuarez.mx\/historico\/ejecutan-a-balazos-al-propietario-de-una-purificadora-en-tula\/","title":{"rendered":"Ejecutan a balazos al propietario de una purificadora en Tula"},"content":{"rendered":"\n<p>La madrugada de hoy en el municipio de Tula de Allende,ejecutaron a balazos a un hombre de aproximadamente 35 a\u00f1os de edad, lo que gener\u00f3 la inmediata intervenci\u00f3n de elementos polic\u00edacos que acudieron a la avenida del Trabajo de la Colonia San Francisco Bojay, para tomar conocimiento del crimen.<\/p>\n\n\n\n<p>Fue al filo de las 00:15 horas, con un llamado 911 de Emergencias vecinos reportaron que se escucharon varios disparos de arma de fuego.<\/p>\n\n\n\n<p>La persona ejecutada en la carretera de Tula a Santa Ana Ahuehuepan, se dijo que se trat\u00f3 de quien en vida respond\u00eda al nombre de Rodrigo Cruz Valdez, originario de la colonia de Benito Ju\u00e1rez de Tula de Allende y quien era el propietario de una purificadora.<\/p>\n\n\n\n<p>En el lugar elementos de la Polic\u00eda Estatal reportaron que localizaron un veh\u00edculo Chevrolet Silverado, Pick Up, color gris, con placas de circulaci\u00f3n NAH-29-59 del Estado de M\u00e9xico y en el sill\u00f3n del conductor se encontraba  una persona de g\u00e9nero masculino con dos lesiones en la cabeza producidas por disparos con arma de fuego.<\/p>\n\n\n\n<p>Durante las indagatorias que realizaron los guardianes de la ley, localizaron sobre el suelo dos cartuchos percutidos de un arma calibre 9mm.<\/p>\n\n\n\n<p>En el lugar tambi\u00e9n se tuvo la asistencia de agentes de la Polic\u00eda de Investigaci\u00f3n, quienes iniciaron las pesquisas para tratar de esclarecer el crimen.<\/p>\n\n\n\n<p>Finalmente el sitio fue resguardado por los elementos polic\u00edacos para evitar la contaminaci\u00f3n de la escena y ejecuci\u00f3n. As\u00ed mismo dieron intervenci\u00f3n al personal de la Procuradur\u00eda General de Justicia de Hidalgo que llev\u00f3 a cabo las diligencias correspondientes, adem\u00e1s de dar inicio a la carpeta de investigaci\u00f3n.<\/p>\n","protected":false},"excerpt":{"rendered":"<p>La madrugada de hoy en el municipio de Tula de Allende,ejecutaron a balazos a un hombre de aproximadamente 35 a\u00f1os de edad, lo que gener\u00f3 la inmediata intervenci\u00f3n de elementos polic\u00edacos que acudieron a la avenida del Trabajo de la Colonia San Francisco Bojay, para tomar conocimiento del crimen. Fue al filo de las 00:15 [&hellip;]<\/p>\n","protected":false},"author":93,"featured_media":191892,"comment_status":"closed","ping_status":"closed","sticky":false,"template":"","format":"standard","meta":{"footnotes":""},"categories":[15,40],"tags":[],"class_list":["post-191891","post","type-post","status-publish","format-standard","has-post-thumbnail","hentry","category-destacadas","category-region"],"_links":{"self":[{"href":"https:\/\/plazajuarez.mx\/historico\/wp-json\/wp\/v2\/posts\/191891","targetHints":{"allow":["GET"]}}],"collection":[{"href":"https:\/\/plazajuarez.mx\/historico\/wp-json\/wp\/v2\/posts"}],"about":[{"href":"https:\/\/plazajuarez.mx\/historico\/wp-json\/wp\/v2\/types\/post"}],"author":[{"embeddable":true,"href":"https:\/\/plazajuarez.mx\/historico\/wp-json\/wp\/v2\/users\/93"}],"replies":[{"embeddable":true,"href":"https:\/\/plazajuarez.mx\/historico\/wp-json\/wp\/v2\/comments?post=191891"}],"version-history":[{"count":0,"href":"https:\/\/plazajuarez.mx\/historico\/wp-json\/wp\/v2\/posts\/191891\/revisions"}],"wp:featuredmedia":[{"embeddable":true,"href":"https:\/\/plazajuarez.mx\/historico\/wp-json\/wp\/v2\/media\/191892"}],"wp:attachment":[{"href":"https:\/\/plazajuarez.mx\/historico\/wp-json\/wp\/v2\/media?parent=191891"}],"wp:term":[{"taxonomy":"category","embeddable":true,"href":"https:\/\/plazajuarez.mx\/historico\/wp-json\/wp\/v2\/categories?post=191891"},{"taxonomy":"post_tag","embeddable":true,"href":"https:\/\/plazajuarez.mx\/historico\/wp-json\/wp\/v2\/tags?post=191891"}],"curies":[{"name":"wp","href":"https:\/\/api.w.org\/{rel}","templated":true}]}}