{"id":191881,"date":"2021-11-21T13:01:32","date_gmt":"2021-11-21T19:01:32","guid":{"rendered":"https:\/\/plazajuarez.mx\/?p=191881"},"modified":"2021-11-21T13:12:44","modified_gmt":"2021-11-21T19:12:44","slug":"la-ultima-oportunidad-para-esclarecer-la-guerra-sucia-del-estado-mexicano","status":"publish","type":"post","link":"https:\/\/plazajuarez.mx\/historico\/la-ultima-oportunidad-para-esclarecer-la-guerra-sucia-del-estado-mexicano\/","title":{"rendered":"La \u00faltima oportunidad para esclarecer la &#8220;guerra sucia&#8221; del Estado mexicano"},"content":{"rendered":"\n<p>&nbsp;El Gobierno de M\u00e9xico ha puesto en marcha una Comisi\u00f3n de la Verdad para esclarecer la represi\u00f3n contra la disidencia emprendida por el Estado mexicano durante la llamada guerra sucia entre los a\u00f1os 60 y 80, que supone para las familias de las v\u00edctimas la \u00faltima oportunidad para hacer justicia y saber de sus desaparecidos.<\/p>\n\n\n\n<p>&#8220;Se acaba el tiempo, es un momento cr\u00edtico, llega al l\u00edmite esta investigaci\u00f3n porque muchos han muerto. Pero si hay voluntad de investigar, los muertos hablan&#8221;, dijo a Efe Jorge G\u00e1lvez, miembro del Comit\u00e9 \u00a1Eureka!, que desde 1977 busca a personas desaparecidas por el Estado mexicano.<\/p>\n\n\n\n<p>A finales de la d\u00e9cada de los 60, el Gobierno autoritario del Partido Revolucionario Institucional (PRI) emprendi\u00f3 en M\u00e9xico la llamada guerra sucia &#8211; que las v\u00edctimas prefieren llamar &#8220;terrorismo de Estado&#8221;- en contra de disidentes de izquierda, estudiantes, obreros y organizaciones guerrilleras.<\/p>\n\n\n\n<p>El punto de inflexi\u00f3n lo marc\u00f3 la masacre contra el movimiento estudiantil de 1968 en un mitin en Tlatelolco y siguieron dos d\u00e9cadas de arrestos, torturas y desapariciones perpetradas por la ya extinta Direcci\u00f3n Federal de Seguridad (DFS) con la complicidad del Ej\u00e9rcito.<\/p>\n\n\n\n<p>Mientras M\u00e9xico apoyaba a la Revoluci\u00f3n cubana, al Gobierno de Salvador Allende y al sandinismo, en su interior el r\u00e9gimen priista &#8220;ocultaba&#8221; la persecuci\u00f3n a los movimientos de izquierda que ped\u00edan la democratizaci\u00f3n del pa\u00eds.<\/p>\n\n\n\n<p>&#8220;Empez\u00f3 una detenci\u00f3n de l\u00edderes estudiantiles, obreros, campesinos y una desaparici\u00f3n selectiva (de personas)&#8221;, cont\u00f3 G\u00e1lvez, quien hoy dirige un museo con el archivo del Comit\u00e9 \u00a1Eureka!.<\/p>\n\n\n\n<p>Este colectivo tiene contabilizadas 557 personas arrestadas por motivos pol\u00edticos y que siguen en paradero desconocido a d\u00eda de hoy.<\/p>\n\n\n\n<p>El comit\u00e9 fue fundado por la reconocida Rosario Ibarra, quien tras el arresto de su hijo Jes\u00fas, se organiz\u00f3 con otras madres de desaparecidos, conocidas como &#8220;las do\u00f1as&#8221;, y emprendi\u00f3 hist\u00f3ricas huelgas de hambre que lograron liberar a centenares de represaliados.<\/p>\n\n\n\n<p>Pero a sus 94 a\u00f1os, Rosario Ibarra sigue sin conocer el paradero de su hijo.<\/p>\n\n\n\n<p>CONOCER LA VERDAD<\/p>\n\n\n\n<p>Cuatro d\u00e9cadas despu\u00e9s, el Gobierno izquierdista de Andr\u00e9s Manuel L\u00f3pez Obrador formaliz\u00f3 el pasado 6 de octubre la creaci\u00f3n de la Comisi\u00f3n de la Verdad que debe investigar las graves violaciones a los derechos humanos entre 1965 y 1990.<\/p>\n\n\n\n<p>Para G\u00e1lvez, yerno de Rosario Ibarra, el decreto &#8220;se tard\u00f3 porque tiene que dar frutos en dos a\u00f1os y medio&#8221;, cuando concluir\u00e1 la presidencia de L\u00f3pez Obrador, y &#8220;queda corto el per\u00edodo de investigaci\u00f3n&#8221;, dado que las desapariciones forzadas en M\u00e9xico se dispararon con el inicio a la guerra contra el narcotr\u00e1fico de 2006.<\/p>\n\n\n\n<p>De todos modos, las familias apoyan a la comisi\u00f3n, formada por cinco expertos en derechos humanos con el apoyo t\u00e9cnico de la ONU.<\/p>\n\n\n\n<p>Una de sus miembros, Eugenia Allier, cont\u00f3 a Efe que estudiar\u00e1n casos de detenci\u00f3n forzada, desapariciones, torturas y exilios, y que el fin principal es &#8220;dar a conocer lo que pas\u00f3&#8221;.<\/p>\n\n\n\n<p>&#8220;El desconocimiento y la impunidad que rodea esa violencia permite que hoy vivamos una violencia mucho mayor todav\u00eda&#8221;, opin\u00f3 la tambi\u00e9n historiadora.<\/p>\n\n\n\n<p>Para encontrar la verdad, tanto la comisi\u00f3n como las familias consideran fundamental que el Gobierno cumpla su compromiso de abrir los archivos y las instalaciones, sobre todo del Ej\u00e9rcito.<\/p>\n\n\n\n<p>&#8220;Tenemos muchas d\u00e9cadas en esto, estamos como Santo Tom\u00e1s, hasta no ver, no creer&#8221;, dijo a Efe Alicia de los R\u00edos, del colectivo de familiares de Chihuahua.<\/p>\n\n\n\n<p>EN BUSCA DE JUSTICIA<\/p>\n\n\n\n<p>Pr\u00e1cticamente desde que naci\u00f3, esta abogada busca a su madre, tambi\u00e9n llamada Alicia de los R\u00edos.<\/p>\n\n\n\n<p>Ella fue una integrante de la guerrilla Liga Comunista 23 de Septiembre, que fue arrestada en una emboscada policial en Ciudad de M\u00e9xico.<\/p>\n\n\n\n<p>&#8220;Desde que tengo memoria, mi abuela y mi t\u00eda Marta est\u00e1n en b\u00fasqueda de mi mam\u00e1. Ellas mueren y yo tomo la estafeta&#8221;, cont\u00f3 a Efe.<\/p>\n\n\n\n<p>Seg\u00fan testimonios de otros presos, Alicia de los R\u00edos fue vista en el campo militar n\u00famero 1 de la Ciudad de M\u00e9xico y posteriormente en un recinto militar de Acapulco, donde se pierde su pista.<\/p>\n\n\n\n<p>Aunque en un inicio buscaba a su madre con vida, con el paso del tiempo lleg\u00f3 a la conclusi\u00f3n de que el &#8220;modus operandi&#8221; de las autoridades era la &#8220;eliminaci\u00f3n&#8221; de muchos de los disidentes.<\/p>\n\n\n\n<p>&#8220;Queremos saber qu\u00e9 pas\u00f3 con cada uno de ellos y por supuesto queremos acceso a la justicia y que sean juzgados los responsables&#8221;, dijo De los R\u00edos.<\/p>\n\n\n\n<p>El \u00fanico presidente mexicano de la \u00e9poca que sigue vivo es Luis Echeverr\u00eda (1970-1976), de 99 a\u00f1os, aunque los colectivos conf\u00edan en hallar tambi\u00e9n a mandos altos, intermedios y bajos.<\/p>\n\n\n\n<p>&#8220;Si los perpetradores tendr\u00edan entre 30 y 40 a\u00f1os, estamos hablando de personas de unos 80 a\u00f1os. Muchos siguen con vida pero el tiempo corre. Hay que encontrarlos y pedir que hablen&#8221;, apremi\u00f3 De los R\u00edos.<\/p>\n\n\n\n<p>Lo cierto es que enjuiciar no est\u00e1 en las competencias de la comisi\u00f3n, pero sus miembros comparten la necesidad de hacer justicia.<\/p>\n\n\n\n<p>&#8220;De nada nos sirve recordar si no hay justicia. Apoyaremos en todo lo que se pueda pero no depende de nosotros&#8221;, expres\u00f3 Allier.<\/p>\n","protected":false},"excerpt":{"rendered":"<p>&nbsp;El Gobierno de M\u00e9xico ha puesto en marcha una Comisi\u00f3n de la Verdad para esclarecer la represi\u00f3n contra la disidencia emprendida por el Estado mexicano durante la llamada guerra sucia entre los a\u00f1os 60 y 80, que supone para las familias de las v\u00edctimas la \u00faltima oportunidad para hacer justicia y saber de sus desaparecidos. [&hellip;]<\/p>\n","protected":false},"author":80,"featured_media":191886,"comment_status":"closed","ping_status":"closed","sticky":false,"template":"","format":"standard","meta":{"footnotes":""},"categories":[36],"tags":[],"class_list":["post-191881","post","type-post","status-publish","format-standard","has-post-thumbnail","hentry","category-nacion"],"_links":{"self":[{"href":"https:\/\/plazajuarez.mx\/historico\/wp-json\/wp\/v2\/posts\/191881","targetHints":{"allow":["GET"]}}],"collection":[{"href":"https:\/\/plazajuarez.mx\/historico\/wp-json\/wp\/v2\/posts"}],"about":[{"href":"https:\/\/plazajuarez.mx\/historico\/wp-json\/wp\/v2\/types\/post"}],"author":[{"embeddable":true,"href":"https:\/\/plazajuarez.mx\/historico\/wp-json\/wp\/v2\/users\/80"}],"replies":[{"embeddable":true,"href":"https:\/\/plazajuarez.mx\/historico\/wp-json\/wp\/v2\/comments?post=191881"}],"version-history":[{"count":0,"href":"https:\/\/plazajuarez.mx\/historico\/wp-json\/wp\/v2\/posts\/191881\/revisions"}],"wp:featuredmedia":[{"embeddable":true,"href":"https:\/\/plazajuarez.mx\/historico\/wp-json\/wp\/v2\/media\/191886"}],"wp:attachment":[{"href":"https:\/\/plazajuarez.mx\/historico\/wp-json\/wp\/v2\/media?parent=191881"}],"wp:term":[{"taxonomy":"category","embeddable":true,"href":"https:\/\/plazajuarez.mx\/historico\/wp-json\/wp\/v2\/categories?post=191881"},{"taxonomy":"post_tag","embeddable":true,"href":"https:\/\/plazajuarez.mx\/historico\/wp-json\/wp\/v2\/tags?post=191881"}],"curies":[{"name":"wp","href":"https:\/\/api.w.org\/{rel}","templated":true}]}}