{"id":191698,"date":"2021-11-19T14:55:31","date_gmt":"2021-11-19T20:55:31","guid":{"rendered":"https:\/\/plazajuarez.mx\/?p=191698"},"modified":"2021-11-19T14:55:39","modified_gmt":"2021-11-19T20:55:39","slug":"pedro_aquino","status":"publish","type":"post","link":"https:\/\/plazajuarez.mx\/historico\/pedro_aquino\/","title":{"rendered":"En Per\u00fa responden sobre el caso de Pedro Aquino"},"content":{"rendered":"\n<p> El mediocampista del Am\u00e9rica, Pedro Aquino, sufri\u00f3 una lesi\u00f3n en el duelo entre Venezuela y Per\u00fa que lo dejar\u00e1 fuera de actividad con las \u00c1guilas por lo que resta del torneo.<\/p>\n\n\n\n<p>El peruano se lesion\u00f3 en el pasado duelo de fase regular ante los Tigres en el Estadio Azteca y su recuperaci\u00f3n no hab\u00eda sido total, situaci\u00f3n por la que la directiva del Am\u00e9rica critic\u00f3 la negligencia del combinado andino.<\/p>\n\n\n\n<p>Aquino entr\u00f3 de cambio, jug\u00f3 12 minutos y tuvo que salir de cambio por la misma molestia en el posterior del muslo izquierdo. La directiva azulcrema arremeti\u00f3 contra la Federaci\u00f3n Peruana, pero Ricardo Gareca ya se manifest\u00f3 tambi\u00e9n.<\/p>\n\n\n\n<p>&#8220;En ning\u00fan momento se arriesg\u00f3 a Pedro Aquino, si estuvo en la banca de suplentes era porque estaba bien, lamentablemente lo que pas\u00f3 fue una fatalidad. Fue otra lesi\u00f3n a la que \u00e9l ten\u00eda&#8221;, declar\u00f3 en conferencia de prensa el t\u00e9cnico argentino.<\/p>\n\n\n\n<p>El timonel del conjunto peruano dijo entender la postura del Am\u00e9rica.<\/p>\n\n\n\n<p>&#8220;Entendemos al Am\u00e9rica, trabajamos en conjunto con los clubes y queremos que les vaya bien, como a nuestros jugadores. Somos hinchas n\u00famero uno de ellos y nunca los arriesgar\u00edamos&#8221;, asev<\/p>\n\n\n\n<p><\/p>\n","protected":false},"excerpt":{"rendered":"<p>El mediocampista del Am\u00e9rica, Pedro Aquino, sufri\u00f3 una lesi\u00f3n en el duelo entre Venezuela y Per\u00fa que lo dejar\u00e1 fuera de actividad con las \u00c1guilas por lo que resta del torneo. El peruano se lesion\u00f3 en el pasado duelo de fase regular ante los Tigres en el Estadio Azteca y su recuperaci\u00f3n no hab\u00eda sido [&hellip;]<\/p>\n","protected":false},"author":81,"featured_media":191699,"comment_status":"closed","ping_status":"closed","sticky":false,"template":"","format":"standard","meta":{"footnotes":""},"categories":[39],"tags":[],"class_list":["post-191698","post","type-post","status-publish","format-standard","has-post-thumbnail","hentry","category-deportiva"],"_links":{"self":[{"href":"https:\/\/plazajuarez.mx\/historico\/wp-json\/wp\/v2\/posts\/191698","targetHints":{"allow":["GET"]}}],"collection":[{"href":"https:\/\/plazajuarez.mx\/historico\/wp-json\/wp\/v2\/posts"}],"about":[{"href":"https:\/\/plazajuarez.mx\/historico\/wp-json\/wp\/v2\/types\/post"}],"author":[{"embeddable":true,"href":"https:\/\/plazajuarez.mx\/historico\/wp-json\/wp\/v2\/users\/81"}],"replies":[{"embeddable":true,"href":"https:\/\/plazajuarez.mx\/historico\/wp-json\/wp\/v2\/comments?post=191698"}],"version-history":[{"count":0,"href":"https:\/\/plazajuarez.mx\/historico\/wp-json\/wp\/v2\/posts\/191698\/revisions"}],"wp:featuredmedia":[{"embeddable":true,"href":"https:\/\/plazajuarez.mx\/historico\/wp-json\/wp\/v2\/media\/191699"}],"wp:attachment":[{"href":"https:\/\/plazajuarez.mx\/historico\/wp-json\/wp\/v2\/media?parent=191698"}],"wp:term":[{"taxonomy":"category","embeddable":true,"href":"https:\/\/plazajuarez.mx\/historico\/wp-json\/wp\/v2\/categories?post=191698"},{"taxonomy":"post_tag","embeddable":true,"href":"https:\/\/plazajuarez.mx\/historico\/wp-json\/wp\/v2\/tags?post=191698"}],"curies":[{"name":"wp","href":"https:\/\/api.w.org\/{rel}","templated":true}]}}