{"id":191695,"date":"2021-11-19T14:47:17","date_gmt":"2021-11-19T20:47:17","guid":{"rendered":"https:\/\/plazajuarez.mx\/?p=191695"},"modified":"2021-11-19T14:47:24","modified_gmt":"2021-11-19T20:47:24","slug":"mexico_armas","status":"publish","type":"post","link":"https:\/\/plazajuarez.mx\/historico\/mexico_armas\/","title":{"rendered":"M\u00e9xico se alista para respuesta de fabricantes de armas de EEUU a su demanda"},"content":{"rendered":"\n<p>&nbsp;El Gobierno mexicano se alista para la respuesta legal que dar\u00e1n el pr\u00f3ximo lunes las once empresas fabricantes de armas en Estados Unidos a las que demand\u00f3 hace tres meses por su presunta negligencia que facilita el tr\u00e1fico il\u00edcito y la violencia en el pa\u00eds.<\/p>\n\n\n\n<p>El Gobierno de M\u00e9xico siente optimismo por el avance de la demanda que interpuso en agosto en una corte federal de Boston, Massachusetts, aunque tambi\u00e9n est\u00e1 listo para que trascienda al sexenio de Andr\u00e9s Manuel L\u00f3pez Obrador, seg\u00fan informaron este viernes fuentes de la Canciller\u00eda.<\/p>\n\n\n\n<p>El equipo legal, indicaron, dispone de un mill\u00f3n de d\u00f3lares al a\u00f1o para el litigio con una mezcla de consultores propios de la Secretar\u00eda de Relaciones Exteriores (SRE) y abogados que trabajan probono.<\/p>\n\n\n\n<p>Los involucrados estiman que las empresas estadounidenses, que dar\u00e1n una respuesta conjunta el pr\u00f3ximo 22 de noviembre, pidan desestimar la demanda con el argumento que el Gobierno de M\u00e9xico no puede demandarlas por el \u00e1rea de jurisdicci\u00f3n.<\/p>\n\n\n\n<p>M\u00e9xico tendr\u00e1 hasta el 31 de enero de 2022 para una contrarr\u00e9plica, mientras que las compa\u00f1\u00edas acusadas, como Smith &amp; Wesson, Colt, Barrett Firearms o Sturm, Ruger &amp; Co., podr\u00e1n volver a responder hasta el 28 de febrero.<\/p>\n\n\n\n<p>Las fuentes aseguraron que el Gobierno mexicano no contempla entre sus opciones un acuerdo extrajudicial para frenar la demanda, que exige garant\u00edas de no repetici\u00f3n y una reparaci\u00f3n del da\u00f1o, en un monto a\u00fan indefinido.<\/p>\n\n\n\n<p>La in\u00e9dita demanda de M\u00e9xico, que se interpuso el 4 de agosto, es solo contra las empresas fabricantes de armas no contra el Gobierno de Estados Unidos.<\/p>\n\n\n\n<p>M\u00e9xico argumenta que han entrado medio mill\u00f3n de armas de Estados Unidos desde 2004, cuando Washington derog\u00f3 la prohibici\u00f3n de armas de asalto durante la presidencia de George W. Bush.<\/p>\n\n\n\n<p>Las empresas a las que se dirige la demanda, seg\u00fan el Gobierno, producen m\u00e1s de dos tercios, el 68 %, del total de armas traficadas desde Estados Unidos, lo que significa que cada a\u00f1o venden m\u00e1s de 340.000 pistolas que viajan desde sus plantas estadounidenses hasta M\u00e9xico.<\/p>\n\n\n\n<p>Entre 70 % y 90 % de las armas encontradas en las escenas del crimen en M\u00e9xico provienen de Estados Unidos, cita tambi\u00e9n la SRE.<\/p>\n\n\n\n<p>En la demanda, el Gobierno afirma que &#8220;el flujo de armas a M\u00e9xico y su consiguiente uso il\u00edcito es el resultado previsible de decisiones preliberadas y con conocimiento de causa para dise\u00f1ar, publicitar, distribuir y vender armas en formas que saben, con virtual certeza, que suministrar\u00e1n a criminales en M\u00e9xico&#8221;.<\/p>\n\n\n\n<p>Para sustentar la evidencia, funcionarios explicaron que las pistolas cuentan con un n\u00famero de serie que puede exponer la trayectoria de fabricaci\u00f3n y distribuci\u00f3n de las armas, un camino del que las fabricantes tienen conocimiento.<\/p>\n\n\n\n<p>Independientemente de la demanda, dijeron las fuentes, el canciller mexicano, Marcelo Ebrard, estar\u00e1 el pr\u00f3ximo lunes en el Consejo de Seguridad de las Naciones Unidas, donde hablar\u00e1 sobre el tema.<\/p>\n","protected":false},"excerpt":{"rendered":"<p>&nbsp;El Gobierno mexicano se alista para la respuesta legal que dar\u00e1n el pr\u00f3ximo lunes las once empresas fabricantes de armas en Estados Unidos a las que demand\u00f3 hace tres meses por su presunta negligencia que facilita el tr\u00e1fico il\u00edcito y la violencia en el pa\u00eds. El Gobierno de M\u00e9xico siente optimismo por el avance de [&hellip;]<\/p>\n","protected":false},"author":80,"featured_media":191696,"comment_status":"closed","ping_status":"closed","sticky":false,"template":"","format":"standard","meta":{"footnotes":""},"categories":[36],"tags":[],"class_list":["post-191695","post","type-post","status-publish","format-standard","has-post-thumbnail","hentry","category-nacion"],"_links":{"self":[{"href":"https:\/\/plazajuarez.mx\/historico\/wp-json\/wp\/v2\/posts\/191695","targetHints":{"allow":["GET"]}}],"collection":[{"href":"https:\/\/plazajuarez.mx\/historico\/wp-json\/wp\/v2\/posts"}],"about":[{"href":"https:\/\/plazajuarez.mx\/historico\/wp-json\/wp\/v2\/types\/post"}],"author":[{"embeddable":true,"href":"https:\/\/plazajuarez.mx\/historico\/wp-json\/wp\/v2\/users\/80"}],"replies":[{"embeddable":true,"href":"https:\/\/plazajuarez.mx\/historico\/wp-json\/wp\/v2\/comments?post=191695"}],"version-history":[{"count":0,"href":"https:\/\/plazajuarez.mx\/historico\/wp-json\/wp\/v2\/posts\/191695\/revisions"}],"wp:featuredmedia":[{"embeddable":true,"href":"https:\/\/plazajuarez.mx\/historico\/wp-json\/wp\/v2\/media\/191696"}],"wp:attachment":[{"href":"https:\/\/plazajuarez.mx\/historico\/wp-json\/wp\/v2\/media?parent=191695"}],"wp:term":[{"taxonomy":"category","embeddable":true,"href":"https:\/\/plazajuarez.mx\/historico\/wp-json\/wp\/v2\/categories?post=191695"},{"taxonomy":"post_tag","embeddable":true,"href":"https:\/\/plazajuarez.mx\/historico\/wp-json\/wp\/v2\/tags?post=191695"}],"curies":[{"name":"wp","href":"https:\/\/api.w.org\/{rel}","templated":true}]}}