{"id":191629,"date":"2021-11-19T12:10:02","date_gmt":"2021-11-19T18:10:02","guid":{"rendered":"https:\/\/plazajuarez.mx\/?p=191629"},"modified":"2021-11-19T12:10:11","modified_gmt":"2021-11-19T18:10:11","slug":"el-azteca-uno-de-los-estadios-especiales-segun-ejecutivo-de-la-fifa","status":"publish","type":"post","link":"https:\/\/plazajuarez.mx\/historico\/el-azteca-uno-de-los-estadios-especiales-segun-ejecutivo-de-la-fifa\/","title":{"rendered":"El Azteca, uno de los &#8220;estadios especiales&#8221;, seg\u00fan ejecutivo de la FIFA"},"content":{"rendered":"\n<p><strong>(EFE).- <\/strong>El Azteca es un estadio ic\u00f3nico y de los m\u00e1s especiales, destac\u00f3 este viernes el director de eventos y torneos de la FIFA, Colin Smith, al visitar el escenario, que M\u00e9xico ha incluido en su propuesta para organizar Canad\u00e1 y Estados Unidos el Mundial de 2026.<\/p>\n\n\n\n<p>&#8220;Es un privilegio estar en un estadio ic\u00f3nico como el estadio Azteca. Uno de los placeres de mi trabajo es ver estadios por todo el mundo y hay estadios especiales, dijo a periodistas.<\/p>\n\n\n\n<p>El estadio Azteca ha sido sede de dos finales de la Copa del Mundo: la de 1970 que consagr\u00f3 la selecci\u00f3n Brasil de Pel\u00e9 y la de 1986, que conquist\u00f3 Argentina con Diego Maradona como figura.<\/p>\n\n\n\n<p>En el plan conjunto para el Mundial de 2026 el presidente de la Federaci\u00f3n Mexicana de F\u00fatbol (FMF), Yon de Luisa, pretende que el Azteca albergue el partido inaugural.<\/p>\n\n\n\n<p>&#8220;Los requerimientos para ser sede de la Copa del Mundo evolucionan a trav\u00e9s de los a\u00f1os, como el Azteca ha evolucionado despu\u00e9s de las ediciones de 1970 y 1986. Lo someteremos a prueba para saber qu\u00e9 espacios necesitamos mejorar&#8221;, explic\u00f3 Smith.<\/p>\n\n\n\n<p>Adem\u00e1s de la visita al estadio Azteca, la comisi\u00f3n de la FIFA encabezada por Smith se reuni\u00f3 con la jefa de gobierno de Ciudad de M\u00e9xico, Claudia Sheinbaum.<\/p>\n","protected":false},"excerpt":{"rendered":"<p>(EFE).- El Azteca es un estadio ic\u00f3nico y de los m\u00e1s especiales, destac\u00f3 este viernes el director de eventos y torneos de la FIFA, Colin Smith, al visitar el escenario, que M\u00e9xico ha incluido en su propuesta para organizar Canad\u00e1 y Estados Unidos el Mundial de 2026. &#8220;Es un privilegio estar en un estadio ic\u00f3nico [&hellip;]<\/p>\n","protected":false},"author":80,"featured_media":191649,"comment_status":"closed","ping_status":"closed","sticky":false,"template":"","format":"standard","meta":{"footnotes":""},"categories":[39],"tags":[],"class_list":["post-191629","post","type-post","status-publish","format-standard","has-post-thumbnail","hentry","category-deportiva"],"_links":{"self":[{"href":"https:\/\/plazajuarez.mx\/historico\/wp-json\/wp\/v2\/posts\/191629","targetHints":{"allow":["GET"]}}],"collection":[{"href":"https:\/\/plazajuarez.mx\/historico\/wp-json\/wp\/v2\/posts"}],"about":[{"href":"https:\/\/plazajuarez.mx\/historico\/wp-json\/wp\/v2\/types\/post"}],"author":[{"embeddable":true,"href":"https:\/\/plazajuarez.mx\/historico\/wp-json\/wp\/v2\/users\/80"}],"replies":[{"embeddable":true,"href":"https:\/\/plazajuarez.mx\/historico\/wp-json\/wp\/v2\/comments?post=191629"}],"version-history":[{"count":0,"href":"https:\/\/plazajuarez.mx\/historico\/wp-json\/wp\/v2\/posts\/191629\/revisions"}],"wp:featuredmedia":[{"embeddable":true,"href":"https:\/\/plazajuarez.mx\/historico\/wp-json\/wp\/v2\/media\/191649"}],"wp:attachment":[{"href":"https:\/\/plazajuarez.mx\/historico\/wp-json\/wp\/v2\/media?parent=191629"}],"wp:term":[{"taxonomy":"category","embeddable":true,"href":"https:\/\/plazajuarez.mx\/historico\/wp-json\/wp\/v2\/categories?post=191629"},{"taxonomy":"post_tag","embeddable":true,"href":"https:\/\/plazajuarez.mx\/historico\/wp-json\/wp\/v2\/tags?post=191629"}],"curies":[{"name":"wp","href":"https:\/\/api.w.org\/{rel}","templated":true}]}}