{"id":191627,"date":"2021-11-19T12:09:19","date_gmt":"2021-11-19T18:09:19","guid":{"rendered":"https:\/\/plazajuarez.mx\/?p=191627"},"modified":"2021-11-19T12:09:28","modified_gmt":"2021-11-19T18:09:28","slug":"caral-la-primera-civilizacion-de-america-se-revela-experta-en-astronomia","status":"publish","type":"post","link":"https:\/\/plazajuarez.mx\/historico\/caral-la-primera-civilizacion-de-america-se-revela-experta-en-astronomia\/","title":{"rendered":"Caral, la primera civilizaci\u00f3n de Am\u00e9rica, se revela experta en astronom\u00eda"},"content":{"rendered":"\n<p>Caral, considerada la civilizaci\u00f3n m\u00e1s antigua de Am\u00e9rica al haberse desarrollado en el actual Per\u00fa hace unos 5.000 a\u00f1os, se ha revelado ahora como una sociedad tambi\u00e9n experta en astronom\u00eda, tras confirmarse que el sol y la luna jugaron un papel clave en la orientaci\u00f3n de sus construcciones.<\/p>\n\n\n\n<p>Contempor\u00e1nea de las grandes civilizaciones del mundo antiguo como Egipto, Mesopotamia y China, Caral se desarroll\u00f3 en el valle del r\u00edo Supe, a unos 130 kil\u00f3metros al norte de Lima, con una especial dedicaci\u00f3n al estudio del firmamento, desde uno de los observatorios astron\u00f3micos m\u00e1s antiguos del mundo.<\/p>\n\n\n\n<p>As\u00ed determinaron probablemente el posicionamiento de sus edificios, incluidas sus grandes pir\u00e1mides truncas, situadas casi siempre frente a plazas circulares excavadas en el suelo.<\/p>\n\n\n\n<p>Con las mediciones tomadas en 55 edificios de una docena de centros urbanos, los resultados estad\u00edsticos arrojaron dos patrones principales, uno hacia el lunasticio mayor, que es la posici\u00f3n m\u00e1s al sur de la salida de la luna; y otro hacia la salida del sol en el solsticio de verano, que en estas tierras es en diciembre.<\/p>\n\n\n\n<p>Un tercer patr\u00f3n, no tan fuerte, apunta a Sirio, la estrella m\u00e1s brillante durante la noche en el hemisferio sur.<\/p>\n\n\n\n<p>&#8220;Los test de probabilidad muestran que el patr\u00f3n de orientaci\u00f3n fue intencional. De ninguna manera obedece a algo aleatorio o casual&#8221;, afirm\u00f3 a la Agencia Efe el arque\u00f3logo Jos\u00e9 Ricra, autor principal junto a Aldemar Crisp\u00edn de este estudio publicado en la revista Latin American Antiquity, de la Universidad de Cambridge.<\/p>\n\n\n\n<p>En la toma y procesamiento de datos participaron dos expertos espa\u00f1oles: el arqueoastr\u00f3nomo C\u00e9sar Gonz\u00e1lez-Garc\u00eda, del Instituto de Ciencias del Patrimonio (Incipit); y el astrof\u00edsico Juan Antonio Belmonte, del Instituto de Astrof\u00edsica de Canarias.<\/p>\n\n\n\n<p>Por lo tanto, no es algo azaroso que, en cada solsticio de verano, los primeros rayos de sol entrasen a la pir\u00e1mide central de Caral por su escalera y atravesaron el sal\u00f3n principal a trav\u00e9s de ventanas y hornacinas.<\/p>\n\n\n\n<p>&#8220;Es muy probable que una persona haya estado encima de los edificios como punto principal de la observaci\u00f3n, para chequear tanto salidas como puestas de sol, en el caso de los solsticios&#8221;, sostuvoCrisp\u00edn.<\/p>\n\n\n\n<p>Sin embargo, seg\u00fan precis\u00f3 Ricra, el mejor punto de observaci\u00f3n de este fen\u00f3meno estaba en la plaza circular, de modo que pod\u00eda ser admirado por el resto de la poblaci\u00f3n &#8220;con un prop\u00f3sito tal vez religioso o m\u00e1gico&#8221; que refrendar\u00e1 el poder de la \u00e9lite de Caral.<\/p>\n\n\n\n<p>El solsticio de verano marcaba probablemente el inicio de la \u00e9poca de cosecha, pues coincide con el \u00fanico momento del a\u00f1o donde el cauce del r\u00edo Supe se llena de agua gracias a lluvias en la cordillera de los Andes, ya que el resto del a\u00f1o est\u00e1 casi seco.<\/p>\n\n\n\n<p>M\u00e1s dif\u00edcil de descifrar son los edificios orientados al lunasticio, pues si bien la luna est\u00e1 fuertemente vinculada a la pesca, esta posici\u00f3n solo ocurre cada 18,6 a\u00f1os, lo que revela una observaci\u00f3n sostenida y concienzuda del firmamento.<\/p>\n\n\n\n<p>&#8220;Puede haber dos explicaciones: una es que la luna haya sido un marcador de cuenta largo, y la otra es que la sistem\u00e1tica observaci\u00f3n de la luna les haya llevado a deducir que ese era su punto sur m\u00e1s extremo&#8221;, indic\u00f3 Ricra.<\/p>\n\n\n\n<p>No siempre los edificios tuvieron la misma posici\u00f3n, pues algunos fueron variando a lo largo de la existencia de esta civilizaci\u00f3n, entre los a\u00f1os 3000 y 1800 a.C.<\/p>\n\n\n\n<p>&#8220;Inicialmente pudieron haber estado enfocados al solsticio, y seguramente algunos permanecieron as\u00ed hasta el final, pero otros pudieron haber ido modificando su orientaci\u00f3n hacia la luna&#8221;, se\u00f1al\u00f3 Crisp\u00edn.<\/p>\n\n\n\n<p>&#8220;Cada orientaci\u00f3n podr\u00eda estar en relaci\u00f3n a una \u00e9poca determinada dentro de toda la ocupaci\u00f3n de Caral. Hay muchas explicaciones&#8221;, a\u00f1adi\u00f3.<\/p>\n\n\n\n<p>Este conocimiento surg\u00eda del observatorio astron\u00f3mico situado cerca de la ciudad principal, lo que llev\u00f3 a la directora de la Zona Arqueol\u00f3gica Caral, Ruth Shady, a anticipar ya en una publicaci\u00f3n de 1997 la orientaci\u00f3n astral de los edificios, lo que no pudo ser corroborado con datos hasta ahora.<\/p>\n\n\n\n<p>&#8220;Era un observatorio subterr\u00e1neo, con un cobertizo para la persona que se dedicaba a esa labor en las noches&#8221;, record\u00f3 a Efe Shady, quien desde 1994 es la m\u00e1xima responsable de las investigaciones, aunque desde hace dos a\u00f1os no pisa Caral por amenazas de muerte de traficantes de tierras.<\/p>\n\n\n\n<p>&#8220;All\u00ed identificamos una serie de alineamientos de piedras como registro del movimiento astral, as\u00ed como geoglifos (dibujos en la tierra)&#8221;, agreg\u00f3.<\/p>\n\n\n\n<p>Sin embargo, la astronom\u00eda era solo una especialidad de esta compleja sociedad que surgi\u00f3 4.500 a\u00f1os antes que la Am\u00e9rica prehisp\u00e1nica estuviera dominada por los incas, mayas y aztecas.<\/p>\n\n\n\n<p>&#8220;Hemos tenido otros hallazgos que son admiraci\u00f3n de cient\u00edficos actuales en el mundo&#8221;, destac\u00f3 Shady, como que usaran el efecto Venturi, que no fue teorizado en Europa hasta 1797, mientras que en Caral ya era usado en las viviendas, que ten\u00edan una serie de conductos para mantener vivo el fuego en su interior.<\/p>\n\n\n\n<p>Para Marco Antonio Machacuay, subdirector de investigaciones, los hallazgos en materia astron\u00f3mica son solo &#8220;el comienzo&#8221; de una serie de nuevos estudios en la siempre sorprendente Caral, cuyos resultados ser\u00e1n presentados en las conferencias Oxford en La Plata (Argentina) en 2022, la mayor reuni\u00f3n sobre arqueoastronom\u00eda.<\/p>\n","protected":false},"excerpt":{"rendered":"<p>Caral, considerada la civilizaci\u00f3n m\u00e1s antigua de Am\u00e9rica al haberse desarrollado en el actual Per\u00fa hace unos 5.000 a\u00f1os, se ha revelado ahora como una sociedad tambi\u00e9n experta en astronom\u00eda, tras confirmarse que el sol y la luna jugaron un papel clave en la orientaci\u00f3n de sus construcciones. Contempor\u00e1nea de las grandes civilizaciones del mundo [&hellip;]<\/p>\n","protected":false},"author":80,"featured_media":191647,"comment_status":"closed","ping_status":"closed","sticky":false,"template":"","format":"standard","meta":{"footnotes":""},"categories":[41],"tags":[],"class_list":["post-191627","post","type-post","status-publish","format-standard","has-post-thumbnail","hentry","category-arteria-cultural"],"_links":{"self":[{"href":"https:\/\/plazajuarez.mx\/historico\/wp-json\/wp\/v2\/posts\/191627","targetHints":{"allow":["GET"]}}],"collection":[{"href":"https:\/\/plazajuarez.mx\/historico\/wp-json\/wp\/v2\/posts"}],"about":[{"href":"https:\/\/plazajuarez.mx\/historico\/wp-json\/wp\/v2\/types\/post"}],"author":[{"embeddable":true,"href":"https:\/\/plazajuarez.mx\/historico\/wp-json\/wp\/v2\/users\/80"}],"replies":[{"embeddable":true,"href":"https:\/\/plazajuarez.mx\/historico\/wp-json\/wp\/v2\/comments?post=191627"}],"version-history":[{"count":0,"href":"https:\/\/plazajuarez.mx\/historico\/wp-json\/wp\/v2\/posts\/191627\/revisions"}],"wp:featuredmedia":[{"embeddable":true,"href":"https:\/\/plazajuarez.mx\/historico\/wp-json\/wp\/v2\/media\/191647"}],"wp:attachment":[{"href":"https:\/\/plazajuarez.mx\/historico\/wp-json\/wp\/v2\/media?parent=191627"}],"wp:term":[{"taxonomy":"category","embeddable":true,"href":"https:\/\/plazajuarez.mx\/historico\/wp-json\/wp\/v2\/categories?post=191627"},{"taxonomy":"post_tag","embeddable":true,"href":"https:\/\/plazajuarez.mx\/historico\/wp-json\/wp\/v2\/tags?post=191627"}],"curies":[{"name":"wp","href":"https:\/\/api.w.org\/{rel}","templated":true}]}}