{"id":191599,"date":"2021-11-19T08:47:07","date_gmt":"2021-11-19T14:47:07","guid":{"rendered":"https:\/\/plazajuarez.mx\/?p=191599"},"modified":"2021-11-19T08:47:13","modified_gmt":"2021-11-19T14:47:13","slug":"muere-hombre-que-fue-balaceado-el-16-de-noviembre","status":"publish","type":"post","link":"https:\/\/plazajuarez.mx\/historico\/muere-hombre-que-fue-balaceado-el-16-de-noviembre\/","title":{"rendered":"Muere hombre que fue balaceado el 16 de noviembre"},"content":{"rendered":"\n<p><strong>Cuautepec<\/strong>.- Un hombre de 26 a\u00f1os de edad fue v\u00edctima de una agresi\u00f3n con arma de fuego la noche del pasado martes 16, en la comunidad de Santa Rita. Fue trasladado de emergencia a un nosocomio local, sin embargo, al arribar ya no contaba con signos vitales.<\/p>\n\n\n\n<p>Vecinos de Santa Rita realizaron el reporte a Seguridad P\u00fablica, luego de escuchar por lo menos cinco detonaciones de arma de fuego, en la calle que pasa frente a la iglesia del lugar.<\/p>\n\n\n\n<p>El lesionado viajaba en una moto cuando fue atacado por sujetos desconocidos, y qued\u00f3 tirado en la esquina de las calles Aldama y 20 de Noviembre, donde a\u00fan se encontraba con signos vitales cuando arribaron elementos de Seguridad P\u00fablica y param\u00e9dicos.<\/p>\n\n\n\n<p>Por lo anterior, fue trasladado a la Cl\u00ednica 3 del Instituto Mexicano del Seguro Social (IMSS) en la cabecera municipal, sin embargo, al arribar al nosocomio ya no contaba con signos vitales; por lo que se dio parte a la polic\u00eda investigadora para que tomara conocimiento del hecho.<\/p>\n\n\n\n<p>El fallecido fue identificado con las iniciales F. R. H., de 26 a\u00f1os de edad, oriundo de la comunidad de Las Palmas.<\/p>\n\n\n\n<p>Pese a la implementaci\u00f3n de un operativo de b\u00fasqueda y localizaci\u00f3n, no se dio con los responsables de la agresi\u00f3n.<\/p>\n","protected":false},"excerpt":{"rendered":"<p>Cuautepec.- Un hombre de 26 a\u00f1os de edad fue v\u00edctima de una agresi\u00f3n con arma de fuego la noche del pasado martes 16, en la comunidad de Santa Rita. Fue trasladado de emergencia a un nosocomio local, sin embargo, al arribar ya no contaba con signos vitales. Vecinos de Santa Rita realizaron el reporte a [&hellip;]<\/p>\n","protected":false},"author":93,"featured_media":191609,"comment_status":"closed","ping_status":"closed","sticky":false,"template":"","format":"standard","meta":{"footnotes":""},"categories":[2159,40],"tags":[],"class_list":["post-191599","post","type-post","status-publish","format-standard","has-post-thumbnail","hentry","category-noticias-de-hidalgo","category-region"],"_links":{"self":[{"href":"https:\/\/plazajuarez.mx\/historico\/wp-json\/wp\/v2\/posts\/191599","targetHints":{"allow":["GET"]}}],"collection":[{"href":"https:\/\/plazajuarez.mx\/historico\/wp-json\/wp\/v2\/posts"}],"about":[{"href":"https:\/\/plazajuarez.mx\/historico\/wp-json\/wp\/v2\/types\/post"}],"author":[{"embeddable":true,"href":"https:\/\/plazajuarez.mx\/historico\/wp-json\/wp\/v2\/users\/93"}],"replies":[{"embeddable":true,"href":"https:\/\/plazajuarez.mx\/historico\/wp-json\/wp\/v2\/comments?post=191599"}],"version-history":[{"count":0,"href":"https:\/\/plazajuarez.mx\/historico\/wp-json\/wp\/v2\/posts\/191599\/revisions"}],"wp:featuredmedia":[{"embeddable":true,"href":"https:\/\/plazajuarez.mx\/historico\/wp-json\/wp\/v2\/media\/191609"}],"wp:attachment":[{"href":"https:\/\/plazajuarez.mx\/historico\/wp-json\/wp\/v2\/media?parent=191599"}],"wp:term":[{"taxonomy":"category","embeddable":true,"href":"https:\/\/plazajuarez.mx\/historico\/wp-json\/wp\/v2\/categories?post=191599"},{"taxonomy":"post_tag","embeddable":true,"href":"https:\/\/plazajuarez.mx\/historico\/wp-json\/wp\/v2\/tags?post=191599"}],"curies":[{"name":"wp","href":"https:\/\/api.w.org\/{rel}","templated":true}]}}