{"id":191598,"date":"2021-11-19T08:47:00","date_gmt":"2021-11-19T14:47:00","guid":{"rendered":"https:\/\/plazajuarez.mx\/?p=191598"},"modified":"2021-11-19T12:05:17","modified_gmt":"2021-11-19T18:05:17","slug":"comerciantes-seran-reubicados-en-acayuca","status":"publish","type":"post","link":"https:\/\/plazajuarez.mx\/historico\/comerciantes-seran-reubicados-en-acayuca\/","title":{"rendered":"Comerciantes ser\u00e1n reubicados en Acayuca"},"content":{"rendered":"\n<p><strong>Zapotl\u00e1n<\/strong>.- El Ayuntamiento de Zapotl\u00e1n, sigue firme en la idea de cambiar de ubicaci\u00f3n a los comerciantes que por m\u00e1s de 20 a\u00f1os estuvieron trabajando en las calles divisi\u00f3n del Norte. Aseguran que est\u00e1 decisi\u00f3n no fue tomada sin pensar en el bienestar de los vendedores.&nbsp;<\/p>\n\n\n\n<p>Los espacios ser\u00e1n otorgados \u00fanicamente por personal de la direcci\u00f3n de Reglamentos. No tendr\u00e1n que pagar ni un solo peso por su espacio de trabajo en lo que resta del a\u00f1o y hasta el mes de enero se comenzar\u00e1 con el pago m\u00ednimo de sus cuotas para la obtenci\u00f3n del permiso personal y en caso de as\u00ed solicitarlo, ser\u00e1n los propios comerciantes quienes elijan a su representante y \u00e9ste se ir\u00e1 renovando para evitar vicios, desv\u00edos y actos de corrupci\u00f3n.<\/p>\n\n\n\n<p>Personal del Ayuntamiento dijo que los martes y domingos se seguir\u00e1n colocando en la nueva direcci\u00f3n. Les destinaron una cisterna que se ubica en la parte inferior.&nbsp;<\/p>\n\n\n\n<p>Con el nuevo movimiento esperan que los comerciantes escojan nuevamente a l\u00edderes y as\u00ed no se beneficien para intereses propios, sino que beneficien a todos los tianguistas.<\/p>\n\n\n\n<p>Los comerciantes a\u00fan no han expresado su postura.&nbsp;<\/p>\n","protected":false},"excerpt":{"rendered":"<p>Zapotl\u00e1n.- El Ayuntamiento de Zapotl\u00e1n, sigue firme en la idea de cambiar de ubicaci\u00f3n a los comerciantes que por m\u00e1s de 20 a\u00f1os estuvieron trabajando en las calles divisi\u00f3n del Norte. Aseguran que est\u00e1 decisi\u00f3n no fue tomada sin pensar en el bienestar de los vendedores.&nbsp; Los espacios ser\u00e1n otorgados \u00fanicamente por personal de la [&hellip;]<\/p>\n","protected":false},"author":78,"featured_media":191608,"comment_status":"closed","ping_status":"closed","sticky":false,"template":"","format":"standard","meta":{"footnotes":""},"categories":[2159,40],"tags":[],"class_list":["post-191598","post","type-post","status-publish","format-standard","has-post-thumbnail","hentry","category-noticias-de-hidalgo","category-region"],"_links":{"self":[{"href":"https:\/\/plazajuarez.mx\/historico\/wp-json\/wp\/v2\/posts\/191598","targetHints":{"allow":["GET"]}}],"collection":[{"href":"https:\/\/plazajuarez.mx\/historico\/wp-json\/wp\/v2\/posts"}],"about":[{"href":"https:\/\/plazajuarez.mx\/historico\/wp-json\/wp\/v2\/types\/post"}],"author":[{"embeddable":true,"href":"https:\/\/plazajuarez.mx\/historico\/wp-json\/wp\/v2\/users\/78"}],"replies":[{"embeddable":true,"href":"https:\/\/plazajuarez.mx\/historico\/wp-json\/wp\/v2\/comments?post=191598"}],"version-history":[{"count":0,"href":"https:\/\/plazajuarez.mx\/historico\/wp-json\/wp\/v2\/posts\/191598\/revisions"}],"wp:featuredmedia":[{"embeddable":true,"href":"https:\/\/plazajuarez.mx\/historico\/wp-json\/wp\/v2\/media\/191608"}],"wp:attachment":[{"href":"https:\/\/plazajuarez.mx\/historico\/wp-json\/wp\/v2\/media?parent=191598"}],"wp:term":[{"taxonomy":"category","embeddable":true,"href":"https:\/\/plazajuarez.mx\/historico\/wp-json\/wp\/v2\/categories?post=191598"},{"taxonomy":"post_tag","embeddable":true,"href":"https:\/\/plazajuarez.mx\/historico\/wp-json\/wp\/v2\/tags?post=191598"}],"curies":[{"name":"wp","href":"https:\/\/api.w.org\/{rel}","templated":true}]}}