{"id":191597,"date":"2021-11-19T08:45:32","date_gmt":"2021-11-19T14:45:32","guid":{"rendered":"https:\/\/plazajuarez.mx\/?p=191597"},"modified":"2021-11-19T08:45:44","modified_gmt":"2021-11-19T14:45:44","slug":"invitan-al-bazar-navideno-de-tizayuca","status":"publish","type":"post","link":"https:\/\/plazajuarez.mx\/historico\/invitan-al-bazar-navideno-de-tizayuca\/","title":{"rendered":"Invitan al \u201cBazar Navide\u00f1o\u201d de Tizayuca"},"content":{"rendered":"\n<p><strong>Tizayuc<\/strong>a.- Invitan a tizayuquenses a que se den una vuelta, al \u201cBazar Navide\u00f1o\u201d ubicado en la avenida M\u00e1rmoles, de la colonia Unidad Habitacional. Estar\u00e1n instalados hasta el 7 de enero, los fines de semana con un horario de 6:00 a 23:00 horas.\u00a0<\/p>\n\n\n\n<p>Cabe destacar que los vendedores esperan reactivar la econom\u00eda, ya que este a\u00f1o fue muy duro y bajo en ventas debido a la pandemia.\u00a0 Hay muchas personas que en la b\u00fasqueda de ingresos\u00a0 se volvieron vendedores.\u00a0<\/p>\n\n\n\n<p>En el bazar navide\u00f1o podr\u00e1s encontrar desde un ponche o bu\u00f1uelos hasta una maceta de Nochebuena, cosm\u00e9ticos, ropa para mascotas, todo para adornar, y regalos para todas las edades.<\/p>\n\n\n\n<p>Los comerciantes colocan sus carpas y colocan productos o servicios en la unidad. Es el \u00fanico bazar que se coloca de noche, ya que hay un tianguis pero \u00e9ste s\u00f3lo se pone de d\u00eda los domingos y martes.\u00a0<\/p>\n\n\n\n<p>Invitan a que los visiten y se den una vuelta en familia y abrigados contra el fr\u00edo.&nbsp;<\/p>\n","protected":false},"excerpt":{"rendered":"<p>Tizayuca.- Invitan a tizayuquenses a que se den una vuelta, al \u201cBazar Navide\u00f1o\u201d ubicado en la avenida M\u00e1rmoles, de la colonia Unidad Habitacional. Estar\u00e1n instalados hasta el 7 de enero, los fines de semana con un horario de 6:00 a 23:00 horas.\u00a0 Cabe destacar que los vendedores esperan reactivar la econom\u00eda, ya que este a\u00f1o [&hellip;]<\/p>\n","protected":false},"author":78,"featured_media":191606,"comment_status":"closed","ping_status":"closed","sticky":false,"template":"","format":"standard","meta":{"footnotes":""},"categories":[2159,40],"tags":[],"class_list":["post-191597","post","type-post","status-publish","format-standard","has-post-thumbnail","hentry","category-noticias-de-hidalgo","category-region"],"_links":{"self":[{"href":"https:\/\/plazajuarez.mx\/historico\/wp-json\/wp\/v2\/posts\/191597","targetHints":{"allow":["GET"]}}],"collection":[{"href":"https:\/\/plazajuarez.mx\/historico\/wp-json\/wp\/v2\/posts"}],"about":[{"href":"https:\/\/plazajuarez.mx\/historico\/wp-json\/wp\/v2\/types\/post"}],"author":[{"embeddable":true,"href":"https:\/\/plazajuarez.mx\/historico\/wp-json\/wp\/v2\/users\/78"}],"replies":[{"embeddable":true,"href":"https:\/\/plazajuarez.mx\/historico\/wp-json\/wp\/v2\/comments?post=191597"}],"version-history":[{"count":0,"href":"https:\/\/plazajuarez.mx\/historico\/wp-json\/wp\/v2\/posts\/191597\/revisions"}],"wp:featuredmedia":[{"embeddable":true,"href":"https:\/\/plazajuarez.mx\/historico\/wp-json\/wp\/v2\/media\/191606"}],"wp:attachment":[{"href":"https:\/\/plazajuarez.mx\/historico\/wp-json\/wp\/v2\/media?parent=191597"}],"wp:term":[{"taxonomy":"category","embeddable":true,"href":"https:\/\/plazajuarez.mx\/historico\/wp-json\/wp\/v2\/categories?post=191597"},{"taxonomy":"post_tag","embeddable":true,"href":"https:\/\/plazajuarez.mx\/historico\/wp-json\/wp\/v2\/tags?post=191597"}],"curies":[{"name":"wp","href":"https:\/\/api.w.org\/{rel}","templated":true}]}}