{"id":1915,"date":"2015-03-08T06:00:00","date_gmt":"2015-03-08T06:00:00","guid":{"rendered":"http:\/\/plazajuarez.mx\/index\/index.php\/2015\/03\/08\/se-solucionara-con-paciencia-y-constancia-en-progreso\/"},"modified":"2015-03-08T06:00:00","modified_gmt":"2015-03-08T06:00:00","slug":"se-solucionara-con-paciencia-y-constancia-en-progreso","status":"publish","type":"post","link":"https:\/\/plazajuarez.mx\/historico\/se-solucionara-con-paciencia-y-constancia-en-progreso\/","title":{"rendered":"Se solucionar\u00e1 con paciencia  y constancia en Progreso"},"content":{"rendered":"<ul>\n<li>Asever\u00f3 el titular de la Secretar\u00eda de Gobierno, Salvador Elguero<\/li>\n<li>Manifest\u00f3 que tambi\u00e9n depende de la voluntad de quienes est\u00e1n gobernando en el municipio<\/li>\n<\/ul>\n<p>  <!--more-->  <\/p>\n<p>Tras aceptar que el conflicto que afecta desde hace ya varios a\u00f1os al municipio de Progreso de Obreg\u00f3n ha llevado mucho tiempo en solucionarse, el titular de la Secretar\u00eda de Gobierno en la entidad, Salvador Elguero Molina, afirm\u00f3 que al momento se tiene que seguir trabajando con paciencia y constancia para llegar a una soluci\u00f3n.<\/p>\n<p>\u201cNosotros tenemos que trabajar de una manera con paciencia, constancia, y generando los puentes para poder llegar a acuerdos, hasta el momento no lo hemos logrado, pero tenemos que ser respetuosos, como dec\u00eda de la autonom\u00eda, y tambi\u00e9n de las instancias que deben de tener una injerencia m\u00e1s directa\u201d, afirm\u00f3.<\/p>\n<p>Ante este escenario, el funcionario local confi\u00f3 en que s\u00ed se llegue a un acuerdo en este conflicto, pero puntualiz\u00f3 que esto no s\u00f3lo es un asunto que dependa del gobierno del estado \u201csino tambi\u00e9n de la voluntad de quienes est\u00e1n gobernando en el municipio\u201d.<\/p>\n<p>Salvador Elguero, mencion\u00f3 que situaciones como la de Progreso y de otros municipios que tambi\u00e9n tienen problemas, est\u00e1n siendo atendidas de manera puntual, pues afortunadamente no todos los municipios est\u00e1n teniendo este tipo de problemas.<\/p>\n<p>Luego de que el Cabildo de Progreso sigue sin sesionar y tener acuerdos durante mucho tiempo, el encargado de la pol\u00edtica en el estado, afirm\u00f3 que el gobierno encabezado por Jos\u00e9 Francisco Olvera Ruiz sigue en la misma l\u00ednea en este caso.<\/p>\n<p>\u201cTenemos que buscar los consensos, son ellos quienes tambi\u00e9n tienen que resolver, hay posiciones que tienen que atender entre la asamblea y el Presidente Municipal y nosotros estamos haciendo lo posible para que los acuerdos se puedan generar, pero es un tema que tenemos que hacer de manera responsable, sino vamos a\u00a0 violentar la autonom\u00eda municipal\u201d, sentenci\u00f3.<\/p>\n<p>Salvador Elguero sentenci\u00f3 que quien debe intervenir en este caso m\u00e1s directamente es el propio Congreso del Estado y a trav\u00e9s del cumplimiento de las propias obligaciones y medidas que correspondieran; en tanto reiter\u00f3 que el gobierno trabaja en el di\u00e1logo \u201cprocurando que haya acuerdos y en esa medida que se pueda resolver el problema\u201d, remat\u00f3.<\/p>\n","protected":false},"excerpt":{"rendered":"<p>Asever\u00f3 el titular de la Secretar\u00eda de Gobierno, Salvador Elguero Manifest\u00f3 que tambi\u00e9n depende de la voluntad de quienes est\u00e1n gobernando en el municipio<\/p>\n","protected":false},"author":93,"featured_media":0,"comment_status":"open","ping_status":"open","sticky":false,"template":"","format":"standard","meta":{"footnotes":""},"categories":[59],"tags":[],"class_list":["post-1915","post","type-post","status-publish","format-standard","hentry","category-general"],"_links":{"self":[{"href":"https:\/\/plazajuarez.mx\/historico\/wp-json\/wp\/v2\/posts\/1915","targetHints":{"allow":["GET"]}}],"collection":[{"href":"https:\/\/plazajuarez.mx\/historico\/wp-json\/wp\/v2\/posts"}],"about":[{"href":"https:\/\/plazajuarez.mx\/historico\/wp-json\/wp\/v2\/types\/post"}],"author":[{"embeddable":true,"href":"https:\/\/plazajuarez.mx\/historico\/wp-json\/wp\/v2\/users\/93"}],"replies":[{"embeddable":true,"href":"https:\/\/plazajuarez.mx\/historico\/wp-json\/wp\/v2\/comments?post=1915"}],"version-history":[{"count":0,"href":"https:\/\/plazajuarez.mx\/historico\/wp-json\/wp\/v2\/posts\/1915\/revisions"}],"wp:attachment":[{"href":"https:\/\/plazajuarez.mx\/historico\/wp-json\/wp\/v2\/media?parent=1915"}],"wp:term":[{"taxonomy":"category","embeddable":true,"href":"https:\/\/plazajuarez.mx\/historico\/wp-json\/wp\/v2\/categories?post=1915"},{"taxonomy":"post_tag","embeddable":true,"href":"https:\/\/plazajuarez.mx\/historico\/wp-json\/wp\/v2\/tags?post=1915"}],"curies":[{"name":"wp","href":"https:\/\/api.w.org\/{rel}","templated":true}]}}