{"id":1914,"date":"2015-03-08T06:00:00","date_gmt":"2015-03-08T06:00:00","guid":{"rendered":"http:\/\/plazajuarez.mx\/index\/index.php\/2015\/03\/08\/el-bienestar-de-las-familias-es-la-primera-responsabilidad-de-un-gobernante-grd\/"},"modified":"2015-03-08T06:00:00","modified_gmt":"2015-03-08T06:00:00","slug":"el-bienestar-de-las-familias-es-la-primera-responsabilidad-de-un-gobernante-grd","status":"publish","type":"post","link":"https:\/\/plazajuarez.mx\/historico\/el-bienestar-de-las-familias-es-la-primera-responsabilidad-de-un-gobernante-grd\/","title":{"rendered":"El bienestar de las familias es la primera  responsabilidad de un gobernante: GRD"},"content":{"rendered":"<ul>\n<li>Asisten parejas de Tulancingo al taller \u201cLa pareja, el mejor camino a tu evoluci\u00f3n\u201d <!--more--> <\/li>\n<\/ul>\n<p>Cuando se piensa en la sociedad, en un tiempo como el nuestro, con la presencia de diferentes problem\u00e1ticas sociales, es cuando m\u00e1s se deben practicar y promover los valores sociales.\u00a0 \u201cLos valores siempre parten de la familia\u201d y en \u00e9sta se transmiten con el ejemplo y es entonces cuando se forman mejores hijas e hijos, expres\u00f3 el gobernador Francisco Olvera Ruiz, durante el taller \u201cLa pareja, el mejor camino a tu evoluci\u00f3n, impartido por el terapeuta Rub\u00e9n Gonz\u00e1lez Vera.<\/p>\n<p>Adem\u00e1s de cuidar la salud de las y los hijos, de trabajar para brindarles una mejor educaci\u00f3n, temas que forman parte de la din\u00e1mica de las familias; los valores, \u201cse cultivan o no, cuando se cierra la puerta de la casa\u201d.<\/p>\n<p>El mandatario precis\u00f3 que para que los valores crezcan en la familia, lo primero que debe estar bien es la pareja. Al ser la familia la base de la sociedad, y la pareja el punto de partida de la familia, el gobierno estatal en coordinaci\u00f3n del Sistema DIF Hidalgo implement\u00f3 diferentes acciones que aportan a relaciones afectivas y de respeto entre las parejas.<\/p>\n<p>En una sociedad de ciudades peque\u00f1as como la que formamos en Hidalgo, todav\u00eda podemos mantener vivos y vigentes nuestros valores, nuestra \u00e9tica y nuestros principios \u201cy \u00e9stos siempre estar\u00e1n alrededor de la familia\u201d, precis\u00f3 Olvera Ruiz.<\/p>\n<p>La integraci\u00f3n familiar, la promoci\u00f3n de los valores, el desarrollo humano y la corresponsabilidad son compromisos, que desde el primer d\u00eda de trabajo, el gobernador Francisco Olvera ha impulsado, porque ser una tierra de trabajo implica \u00a0darle sentido humano a las obras, a los servicios, es decir a cada pol\u00edtica p\u00fablica, ponder\u00f3 la presidenta del Patronato del Sistema DIF Hidalgo, Guadalupe Romero Delgado.<\/p>\n<p>Dijo que la primera responsabilidad de un mandatario est\u00e1 en el bienestar de las familias y de todas y todos sus integrantes. \u201cEn Hidalgo impulsamos el respeto, el di\u00e1logo y la igualdad de g\u00e9nero esta es la base de la convivencia familiar\u201d; el taller La pareja, el mejor camino a tu evoluci\u00f3n forma parte de ese principio, ah\u00ed donde existe una pareja debe encontrarse una ruta para vivir en toda la plenitud para crecer.<\/p>\n<p>La presidenta del Patronato del DIFH detall\u00f3 que esta es la cuarta ocasi\u00f3n que se imparte el taller, en las semanas anteriores se imparti\u00f3 en Pachuca, Huejutla y Tula. El pr\u00f3ximo 28 de marzo, se impartir\u00e1 de nuevo en la capital hidalguense, derivado de la demanda y aceptaci\u00f3n que tuvo en la ocasi\u00f3n anterior.<\/p>\n<p>\u201cEn DIF Hidalgo sabemos que la pareja es fuente de fortaleza y un espacio de protecci\u00f3n\u201d; por ello a las familias que habitan en esta tierra de trabajo se destinan los esfuerzos principales, \u201cporque ah\u00ed cada ser humano encontrar\u00e1 los beneficios que la paz social ofrece a quienes aprenden a vivir y a decidir en familia\u201d.<\/p>\n<p>El alcalde Julio C\u00e9sar Soto Mart\u00ednez refiri\u00f3 que el tema de la familia es un t\u00f3pico del que se debe predicar con el ejemplo. Sabemos que el gobernador Francisco Olvera, en lo privado siempre ha privilegiado a la familia y que tambi\u00e9n en lo p\u00fablico ha deseado y ha hecho esfuerzos importantes y significativos destinados a la cohesi\u00f3n de la familia.<\/p>\n<p>Victoria Vera Hern\u00e1ndez, presidenta del DIF municipal; diputada federal Emilse Miranda Munive; diputado local Jorge Rosas Ruiz; Roc\u00edo Ruiz de la Barrera, subsecretaria de Educaci\u00f3n Media Superior y Superior; Luz Elena S\u00e1nchez Tello y Elizabeth Cravioto Barrag\u00e1n, directora general y subdirectora general de Asistencia, Protecci\u00f3n social y Salud preventiva, respectivamente; entre personas asistieron como invitados especiales.<\/p>\n","protected":false},"excerpt":{"rendered":"<p>Asisten parejas de Tulancingo al taller \u201cLa pareja, el mejor camino a tu evoluci\u00f3n\u201d<\/p>\n","protected":false},"author":93,"featured_media":0,"comment_status":"open","ping_status":"open","sticky":false,"template":"","format":"standard","meta":{"footnotes":""},"categories":[59],"tags":[],"class_list":["post-1914","post","type-post","status-publish","format-standard","hentry","category-general"],"_links":{"self":[{"href":"https:\/\/plazajuarez.mx\/historico\/wp-json\/wp\/v2\/posts\/1914","targetHints":{"allow":["GET"]}}],"collection":[{"href":"https:\/\/plazajuarez.mx\/historico\/wp-json\/wp\/v2\/posts"}],"about":[{"href":"https:\/\/plazajuarez.mx\/historico\/wp-json\/wp\/v2\/types\/post"}],"author":[{"embeddable":true,"href":"https:\/\/plazajuarez.mx\/historico\/wp-json\/wp\/v2\/users\/93"}],"replies":[{"embeddable":true,"href":"https:\/\/plazajuarez.mx\/historico\/wp-json\/wp\/v2\/comments?post=1914"}],"version-history":[{"count":0,"href":"https:\/\/plazajuarez.mx\/historico\/wp-json\/wp\/v2\/posts\/1914\/revisions"}],"wp:attachment":[{"href":"https:\/\/plazajuarez.mx\/historico\/wp-json\/wp\/v2\/media?parent=1914"}],"wp:term":[{"taxonomy":"category","embeddable":true,"href":"https:\/\/plazajuarez.mx\/historico\/wp-json\/wp\/v2\/categories?post=1914"},{"taxonomy":"post_tag","embeddable":true,"href":"https:\/\/plazajuarez.mx\/historico\/wp-json\/wp\/v2\/tags?post=1914"}],"curies":[{"name":"wp","href":"https:\/\/api.w.org\/{rel}","templated":true}]}}