{"id":191388,"date":"2021-11-17T12:30:37","date_gmt":"2021-11-17T18:30:37","guid":{"rendered":"https:\/\/plazajuarez.mx\/?p=191388"},"modified":"2021-11-17T12:30:46","modified_gmt":"2021-11-17T18:30:46","slug":"cine-de-manana-73","status":"publish","type":"post","link":"https:\/\/plazajuarez.mx\/historico\/cine-de-manana-73\/","title":{"rendered":"CINE DE MA\u00d1ANA"},"content":{"rendered":"\n<p><\/p>\n\n\n\n<h2 class=\"wp-block-heading\">Cl\u00e1sico tarkovskiano<\/h2>\n\n\n\n<p><\/p>\n\n\n\n<p>Ya se ha vuelto una costumbre incluir un cl\u00e1sico en la programaci\u00f3n de la Muestra Internacional de la Cineteca. No es la primera vez que se ha inclu\u00eddo una cinta del genial realizador Andrei Tarkovsky (1932-1986), sin embargo El espejo que forma parte de la LXX Muestra, tiene una particularidad: ya hab\u00eda sido inclu\u00edda como parte de la X Muestra Internacional que se celebr\u00f3 en el cine Roble.<\/p>\n\n\n\n<p>Filmada en 1974 sobre un gui\u00f3n de Aleksandr Misharin es considerada un poema visual que incluye los poemas de Arseni, el padre del realizador.<\/p>\n\n\n\n<p>El filme narra la historia de un moribundo que recuerda su pasado. Su ni\u00f1ez antes de la guerra (Filip Yankovskiy), la desaparici\u00f3n de su padre (Oleg Yankovskiy), el cari\u00f1o de su madre (Margarita Terekova) y los momentos culminantes de su vida.<\/p>\n\n\n\n<p>En rigor se trata del cuarto largometraje del realizador nacido el 4 de abril de 1932 en Zavrazhe y uno de sus m\u00e1s personales. No en balde fue considerada en su momento por las autoridades sovi\u00e9ticas como \u201cmuy elitista\u201d y se le prohibi\u00f3 asistir al Festival de Cannes.<\/p>\n\n\n\n<p>No obstante Terekhova recibi\u00f3 el premio a la mejor actriz en el Festival de la Isla del Faro y la cinta cuenta con una bella fotograf\u00eda de Georgi Rerberg.<\/p>\n\n\n\n<p>Zerkalo sigue conservando su fuerza y su belleza a pesar de los a\u00f1os, y debe considerarse como una de las cintas m\u00e1s representativas del director fallecido en Francia el 29 de diciembre de 1986<\/p>\n","protected":false},"excerpt":{"rendered":"<p>Cl\u00e1sico tarkovskiano Ya se ha vuelto una costumbre incluir un cl\u00e1sico en la programaci\u00f3n de la Muestra Internacional de la Cineteca. No es la primera vez que se ha inclu\u00eddo una cinta del genial realizador Andrei Tarkovsky (1932-1986), sin embargo El espejo que forma parte de la LXX Muestra, tiene una particularidad: ya hab\u00eda sido [&hellip;]<\/p>\n","protected":false},"author":96,"featured_media":191389,"comment_status":"closed","ping_status":"closed","sticky":false,"template":"","format":"standard","meta":{"footnotes":""},"categories":[54,42],"tags":[],"class_list":["post-191388","post","type-post","status-publish","format-standard","has-post-thumbnail","hentry","category-jorge-carrasco","category-nuestrapalabra"],"_links":{"self":[{"href":"https:\/\/plazajuarez.mx\/historico\/wp-json\/wp\/v2\/posts\/191388","targetHints":{"allow":["GET"]}}],"collection":[{"href":"https:\/\/plazajuarez.mx\/historico\/wp-json\/wp\/v2\/posts"}],"about":[{"href":"https:\/\/plazajuarez.mx\/historico\/wp-json\/wp\/v2\/types\/post"}],"author":[{"embeddable":true,"href":"https:\/\/plazajuarez.mx\/historico\/wp-json\/wp\/v2\/users\/96"}],"replies":[{"embeddable":true,"href":"https:\/\/plazajuarez.mx\/historico\/wp-json\/wp\/v2\/comments?post=191388"}],"version-history":[{"count":0,"href":"https:\/\/plazajuarez.mx\/historico\/wp-json\/wp\/v2\/posts\/191388\/revisions"}],"wp:featuredmedia":[{"embeddable":true,"href":"https:\/\/plazajuarez.mx\/historico\/wp-json\/wp\/v2\/media\/191389"}],"wp:attachment":[{"href":"https:\/\/plazajuarez.mx\/historico\/wp-json\/wp\/v2\/media?parent=191388"}],"wp:term":[{"taxonomy":"category","embeddable":true,"href":"https:\/\/plazajuarez.mx\/historico\/wp-json\/wp\/v2\/categories?post=191388"},{"taxonomy":"post_tag","embeddable":true,"href":"https:\/\/plazajuarez.mx\/historico\/wp-json\/wp\/v2\/tags?post=191388"}],"curies":[{"name":"wp","href":"https:\/\/api.w.org\/{rel}","templated":true}]}}