{"id":191366,"date":"2021-11-17T11:57:40","date_gmt":"2021-11-17T17:57:40","guid":{"rendered":"https:\/\/plazajuarez.mx\/?p=191366"},"modified":"2021-11-17T11:57:47","modified_gmt":"2021-11-17T17:57:47","slug":"denuncian-desaparicion-de-dos-mujeres-en-pachuca-ya-las-buscan","status":"publish","type":"post","link":"https:\/\/plazajuarez.mx\/historico\/denuncian-desaparicion-de-dos-mujeres-en-pachuca-ya-las-buscan\/","title":{"rendered":"Denuncian desaparici\u00f3n de dos mujeres en Pachuca; ya las buscan"},"content":{"rendered":"\n<p>En las \u00faltimas horas se denunci\u00f3 la desaparici\u00f3n de dos j\u00f3venes mujeres en Pachuca, por lo que sus familiares piden apoyo a las autoridades y a la ciudadan\u00eda para localizarlas, ya que temen que ambas puedan ser v\u00edctimas de un delito.<\/p>\n\n\n\n<p>De Ver\u00f3nica Morales \u00c1ngeles de 28 a\u00f1os de edad, se dijo que se le vio por \u00faltima vez el 13 de noviembre de 2021 al salir de su casa en Pachuca, por lo que hasta el momento se desconoce su paradero.<\/p>\n\n\n\n<p>As\u00ed mismo, la Procuradur\u00eda General de Justicia del estado de Hidalgo, activ\u00f3 una ficha de b\u00fasqueda en favor de Erika Mariana Contreras Gayosso de 19 a\u00f1os de edad, a quien se le vio por \u00faltima vez el 13 de noviembre de 2021 en esta capital hidalguense, por lo que se le considera como a una persona no localizada.<\/p>\n","protected":false},"excerpt":{"rendered":"<p>En las \u00faltimas horas se denunci\u00f3 la desaparici\u00f3n de dos j\u00f3venes mujeres en Pachuca, por lo que sus familiares piden apoyo a las autoridades y a la ciudadan\u00eda para localizarlas, ya que temen que ambas puedan ser v\u00edctimas de un delito. De Ver\u00f3nica Morales \u00c1ngeles de 28 a\u00f1os de edad, se dijo que se le [&hellip;]<\/p>\n","protected":false},"author":93,"featured_media":191367,"comment_status":"closed","ping_status":"closed","sticky":false,"template":"","format":"standard","meta":{"footnotes":""},"categories":[37],"tags":[],"class_list":["post-191366","post","type-post","status-publish","format-standard","has-post-thumbnail","hentry","category-barandilla"],"_links":{"self":[{"href":"https:\/\/plazajuarez.mx\/historico\/wp-json\/wp\/v2\/posts\/191366","targetHints":{"allow":["GET"]}}],"collection":[{"href":"https:\/\/plazajuarez.mx\/historico\/wp-json\/wp\/v2\/posts"}],"about":[{"href":"https:\/\/plazajuarez.mx\/historico\/wp-json\/wp\/v2\/types\/post"}],"author":[{"embeddable":true,"href":"https:\/\/plazajuarez.mx\/historico\/wp-json\/wp\/v2\/users\/93"}],"replies":[{"embeddable":true,"href":"https:\/\/plazajuarez.mx\/historico\/wp-json\/wp\/v2\/comments?post=191366"}],"version-history":[{"count":0,"href":"https:\/\/plazajuarez.mx\/historico\/wp-json\/wp\/v2\/posts\/191366\/revisions"}],"wp:featuredmedia":[{"embeddable":true,"href":"https:\/\/plazajuarez.mx\/historico\/wp-json\/wp\/v2\/media\/191367"}],"wp:attachment":[{"href":"https:\/\/plazajuarez.mx\/historico\/wp-json\/wp\/v2\/media?parent=191366"}],"wp:term":[{"taxonomy":"category","embeddable":true,"href":"https:\/\/plazajuarez.mx\/historico\/wp-json\/wp\/v2\/categories?post=191366"},{"taxonomy":"post_tag","embeddable":true,"href":"https:\/\/plazajuarez.mx\/historico\/wp-json\/wp\/v2\/tags?post=191366"}],"curies":[{"name":"wp","href":"https:\/\/api.w.org\/{rel}","templated":true}]}}