{"id":191363,"date":"2021-11-17T11:56:46","date_gmt":"2021-11-17T17:56:46","guid":{"rendered":"https:\/\/plazajuarez.mx\/?p=191363"},"modified":"2021-11-17T11:56:52","modified_gmt":"2021-11-17T17:56:52","slug":"vinculan-a-tres-sujetos-por-triple-homicidio-en-tizayuca","status":"publish","type":"post","link":"https:\/\/plazajuarez.mx\/historico\/vinculan-a-tres-sujetos-por-triple-homicidio-en-tizayuca\/","title":{"rendered":"Vinculan a tres sujetos por triple homicidio, en Tizayuca"},"content":{"rendered":"\n<p>Mediante investigaciones de un agente del Ministerio P\u00fablico adscrito a la Subprocuradur\u00eda poniente, un juez de control dict\u00f3 vinculaci\u00f3n a proceso para tres personas por homicidio calificado, en agravio de dos j\u00f3venes de 25 y 22 a\u00f1os de edad, quienes al momento de la agresi\u00f3n fallecieron fuera del bar \u201cOvejas Negras\u201d de Tizayuca y uno m\u00e1s que habr\u00eda muerto en un hospital.<\/p>\n\n\n\n<p>Los hechos que imputan a Erick Alfredo \u201cN\u201d, Alan Michael \u201cN\u201d y C\u00e9sar \u201cN\u201d, ocurrieron el 24 de octubre, cuando tres personas fueron agredidas con disparos de arma de fuego al exterior de un bar.<\/p>\n\n\n\n<p>En una discusi\u00f3n, los probables responsables detonaron un arma de fuego contra una de las v\u00edctimas, caus\u00e1ndole lesiones que provocaron su muerte.<\/p>\n\n\n\n<p>De las pesquisas se obtuvieron pruebas presentadas en la audiencia inicial y se dict\u00f3 vinculaci\u00f3n a proceso para las personas imputadas.<\/p>\n\n\n\n<p>La prisi\u00f3n preventiva oficiosa es medida cautelar para Erick Alfredo \u201cN\u201d, Alan Michael \u201cN\u201d y C\u00e9sar \u201cN\u201d. El plazo para cierre de investigaci\u00f3n complementaria es de 3 meses.<\/p>\n","protected":false},"excerpt":{"rendered":"<p>Mediante investigaciones de un agente del Ministerio P\u00fablico adscrito a la Subprocuradur\u00eda poniente, un juez de control dict\u00f3 vinculaci\u00f3n a proceso para tres personas por homicidio calificado, en agravio de dos j\u00f3venes de 25 y 22 a\u00f1os de edad, quienes al momento de la agresi\u00f3n fallecieron fuera del bar \u201cOvejas Negras\u201d de Tizayuca y uno [&hellip;]<\/p>\n","protected":false},"author":93,"featured_media":191364,"comment_status":"closed","ping_status":"closed","sticky":false,"template":"","format":"standard","meta":{"footnotes":""},"categories":[37],"tags":[],"class_list":["post-191363","post","type-post","status-publish","format-standard","has-post-thumbnail","hentry","category-barandilla"],"_links":{"self":[{"href":"https:\/\/plazajuarez.mx\/historico\/wp-json\/wp\/v2\/posts\/191363","targetHints":{"allow":["GET"]}}],"collection":[{"href":"https:\/\/plazajuarez.mx\/historico\/wp-json\/wp\/v2\/posts"}],"about":[{"href":"https:\/\/plazajuarez.mx\/historico\/wp-json\/wp\/v2\/types\/post"}],"author":[{"embeddable":true,"href":"https:\/\/plazajuarez.mx\/historico\/wp-json\/wp\/v2\/users\/93"}],"replies":[{"embeddable":true,"href":"https:\/\/plazajuarez.mx\/historico\/wp-json\/wp\/v2\/comments?post=191363"}],"version-history":[{"count":0,"href":"https:\/\/plazajuarez.mx\/historico\/wp-json\/wp\/v2\/posts\/191363\/revisions"}],"wp:featuredmedia":[{"embeddable":true,"href":"https:\/\/plazajuarez.mx\/historico\/wp-json\/wp\/v2\/media\/191364"}],"wp:attachment":[{"href":"https:\/\/plazajuarez.mx\/historico\/wp-json\/wp\/v2\/media?parent=191363"}],"wp:term":[{"taxonomy":"category","embeddable":true,"href":"https:\/\/plazajuarez.mx\/historico\/wp-json\/wp\/v2\/categories?post=191363"},{"taxonomy":"post_tag","embeddable":true,"href":"https:\/\/plazajuarez.mx\/historico\/wp-json\/wp\/v2\/tags?post=191363"}],"curies":[{"name":"wp","href":"https:\/\/api.w.org\/{rel}","templated":true}]}}