{"id":190977,"date":"2021-11-13T19:30:00","date_gmt":"2021-11-14T01:30:00","guid":{"rendered":"https:\/\/plazajuarez.mx\/?p=190977"},"modified":"2021-11-13T20:45:19","modified_gmt":"2021-11-14T02:45:19","slug":"60-aspirantes-en-total-que-se-registraron-para-ser-candidatos-por-morena-para-la-gubernatura","status":"publish","type":"post","link":"https:\/\/plazajuarez.mx\/historico\/60-aspirantes-en-total-que-se-registraron-para-ser-candidatos-por-morena-para-la-gubernatura\/","title":{"rendered":"60 aspirantes en total que se registraron para ser candidatos por morena para la gubernatura"},"content":{"rendered":"\n<p>Sandra Alicia Ordo\u00f1ez, presidenta del Comit\u00e9 Ejecutivo Estatal de Morena, inform\u00f3; en entrevista para <em>Diario Plaza Ju\u00e1rez<\/em>, que fueron un total de 60 personas quienes hicieron su registro como aspirantes para ser candidato a la gubernatura por el partido de Morena\u00a0.<\/p>\n\n\n\n<p>Se\u00f1al\u00f3 que desconoce nombres de quienes hicieron su registro y no lo han hecho p\u00fablico: \u201csabemos de los que s\u00ed: Lisset Marcelino, Janet T\u00e9llez, Dami\u00e1n Sosa, Pascual Charrez y Luis Enrique Cadena\u201d.<\/p>\n\n\n\n<p>Respecto a si 60 registros era un n\u00famero esperado o se esperaban m\u00e1s aspirantes indic\u00f3: \u201cM\u00e1s bien menos, lo que s\u00ed, es que en los pr\u00f3ximos d\u00edas a todos se les har\u00e1 la invitaci\u00f3n a que acudan a una reuni\u00f3n\u201d<\/p>\n\n\n\n<p>Agreg\u00f3 que en el caso de Morena Hidalgo se les har\u00e1 la invitaci\u00f3n de que se sumen a las pr\u00f3ximas actividades que forman parte de la agenda del partido: \u201cObviamente, pues igual ser\u00e1 algo de observancia para la militancia, que pues si realmente hicieron este inter\u00e9s, que tambi\u00e9n exista el compromiso con el movimiento con un contexto apegado a la ciudadan\u00eda\u201d.<\/p>\n\n\n\n<p>Recalc\u00f3 que debe de darse el compromiso de respeto entre los aspirantes: \u201cestar\u00e1n firmando un documento donde se comprometen a pegarse a los estatutos\u201d y en caso de que no se d\u00e9 ese ambiente \u201cse aplicar\u00e1 el art\u00edculo tercero donde sanciona la denostaci\u00f3n, se sanciona cualquier tipo de mala pr\u00e1ctica en la que obviamente metan al partido\u201d.&nbsp;<\/p>\n\n\n\n<p>Sum\u00f3 que el siguiente proceso es la recopilaci\u00f3n de perfiles, \u201cen los pr\u00f3ximos d\u00edas se estar\u00e1n convocando al Consejo Estatal, ya que la convocatoria tomar\u00e1 en cuenta la opini\u00f3n del Consejo Estatal del partido as\u00ed como de los consejeros nacionales para que tambi\u00e9n viertan su opini\u00f3n de algunos perfiles\u201d<\/p>\n\n\n\n<p>Esto para que \u201cpuedan proponer y obviamente con la tendencia de que todos participemos y se escuche la opini\u00f3n de al menos de la militancia y de los compa\u00f1eros consejeros y dar otro voto de credibilidad al proceso interno y ellos propondr\u00edan nombres que estar\u00edan participando en las encuestas\u201d.&nbsp;&nbsp;<\/p>\n\n\n\n<p>Otros aspirantes que dieron a conocer su registro fueron: el Presidente Municipal de Nopala de Villagr\u00e1n Enrique Cadena, Janet Tell\u00e9z, Dam\u00edan Sosa, Cesar Cruz Ben\u00edtez, Rufino H. Le\u00f3n Tovar e Hilda Miranda, sumando un total de 21 contabilizados por <em>Diario Plaza Ju\u00e1rez.&nbsp;<\/em><\/p>\n\n\n\n<p>Los nombres que ya se hab\u00edan desplegado con anterioridad son: el Senador Julio Menchaca, la Senadora Mar\u00eda Merced Gonz\u00e1lez Gonz\u00e1lez, Martha Hern\u00e1ndez Hern\u00e1ndez, el excandidato a la presidencia municipal Pablo Vargas Gonz\u00e1lez, el Diputado Federal Cuauht\u00e9moc Ochoa Fern\u00e1ndez, el Diputado Local Francisco Xavier Berganza Escorza, la Presidenta Municipal de Tizayuca, Susana \u00c1ngeles Quezada y el Doctor Francisco Pati\u00f1o,.<\/p>\n\n\n\n<p>Tambi\u00e9n forman parte Ricardo Baptista, la diputada federal Simey Olvera , la&nbsp; diputada local Lisset Marcelino Tovar y Pascual Charrez Pedraza.&nbsp;A estos agregamos los nombres que Ordo\u00f1ez mencion\u00f3 con anterioridad en entrevista con esta casa editorial: Abraham Mendoza Zenteno, Vicente Charrez y Lidia Garc\u00eda.&nbsp;<\/p>\n","protected":false},"excerpt":{"rendered":"<p>Sandra Alicia Ordo\u00f1ez, presidenta del Comit\u00e9 Ejecutivo Estatal de Morena, inform\u00f3; en entrevista para Diario Plaza Ju\u00e1rez, que fueron un total de 60 personas quienes hicieron su registro como aspirantes para ser candidato a la gubernatura por el partido de Morena\u00a0. Se\u00f1al\u00f3 que desconoce nombres de quienes hicieron su registro y no lo han hecho [&hellip;]<\/p>\n","protected":false},"author":101,"featured_media":190978,"comment_status":"closed","ping_status":"closed","sticky":false,"template":"","format":"standard","meta":{"footnotes":""},"categories":[59,2159],"tags":[],"class_list":["post-190977","post","type-post","status-publish","format-standard","has-post-thumbnail","hentry","category-general","category-noticias-de-hidalgo"],"_links":{"self":[{"href":"https:\/\/plazajuarez.mx\/historico\/wp-json\/wp\/v2\/posts\/190977","targetHints":{"allow":["GET"]}}],"collection":[{"href":"https:\/\/plazajuarez.mx\/historico\/wp-json\/wp\/v2\/posts"}],"about":[{"href":"https:\/\/plazajuarez.mx\/historico\/wp-json\/wp\/v2\/types\/post"}],"author":[{"embeddable":true,"href":"https:\/\/plazajuarez.mx\/historico\/wp-json\/wp\/v2\/users\/101"}],"replies":[{"embeddable":true,"href":"https:\/\/plazajuarez.mx\/historico\/wp-json\/wp\/v2\/comments?post=190977"}],"version-history":[{"count":0,"href":"https:\/\/plazajuarez.mx\/historico\/wp-json\/wp\/v2\/posts\/190977\/revisions"}],"wp:featuredmedia":[{"embeddable":true,"href":"https:\/\/plazajuarez.mx\/historico\/wp-json\/wp\/v2\/media\/190978"}],"wp:attachment":[{"href":"https:\/\/plazajuarez.mx\/historico\/wp-json\/wp\/v2\/media?parent=190977"}],"wp:term":[{"taxonomy":"category","embeddable":true,"href":"https:\/\/plazajuarez.mx\/historico\/wp-json\/wp\/v2\/categories?post=190977"},{"taxonomy":"post_tag","embeddable":true,"href":"https:\/\/plazajuarez.mx\/historico\/wp-json\/wp\/v2\/tags?post=190977"}],"curies":[{"name":"wp","href":"https:\/\/api.w.org\/{rel}","templated":true}]}}