{"id":190844,"date":"2021-11-12T18:31:45","date_gmt":"2021-11-13T00:31:45","guid":{"rendered":"https:\/\/plazajuarez.mx\/?p=190844"},"modified":"2021-11-12T18:31:52","modified_gmt":"2021-11-13T00:31:52","slug":"mama-de-orizatlan-solicita-ayuda-para-localizar-a-su-hijo","status":"publish","type":"post","link":"https:\/\/plazajuarez.mx\/historico\/mama-de-orizatlan-solicita-ayuda-para-localizar-a-su-hijo\/","title":{"rendered":"Mam\u00e1 de Orizatl\u00e1n solicita ayuda para localizar a su hijo."},"content":{"rendered":"\n<ul class=\"wp-block-list\"><li><strong>Al peque\u00f1o, de tres a\u00f1os de edad, se lo llev\u00f3 su pap\u00e1 en estado de ebriedad y no regresaron&nbsp;<\/strong><\/li><\/ul>\n\n\n\n<p>En entrevista para Plaza Ju\u00e1rez la se\u00f1ora Alberta Hern\u00e1ndez, vecina de la colonia Hidalgo Unido, de San Felipe Orizatl\u00e1n dijo estar consternada y preocupada por no saber el paradero de su hijo que est\u00e1 pr\u00f3ximo a cumplir 4 a\u00f1os de edad de nombre Eder Yahir Hern\u00e1ndez Hern\u00e1ndez.\u00a0<\/p>\n\n\n\n<p>La angustiada mujer refiere que fue el pasado s\u00e1bado 6 de noviembre, cuando su esposo y padre del menor Efra\u00edn Hern\u00e1ndez Espinoza se encontraba en estado de ebriedad, mostrando conductas violentas, sali\u00f3 a la calle y se llev\u00f3 al ni\u00f1o, mientras ella realizaba labores del hogar y conforme fueron pasando las horas su preocupaci\u00f3n se acrecent\u00f3 al ver que no regresaban.&nbsp;<\/p>\n\n\n\n<p>\u201cEl andaba borracho, tom\u00f3 un cuchillo y despu\u00e9s se fue a la carretera. No me di cuenta c\u00f3mo se llev\u00f3 al ni\u00f1o\u201d.&nbsp;<\/p>\n\n\n\n<p>Se\u00f1al\u00f3 que fue a buscar al susodicho a casa de sus familiares, en la comunidad de Huitzizilinguito, no obstante, le dijeron que no lo hab\u00edan visto y la corrieron del lugar, por lo que teme que se lo est\u00e9n negando, ya que le advirtieron que si regresaba la iban a linchar.&nbsp;<\/p>\n\n\n\n<p>Ante esta situaci\u00f3n, la se\u00f1ora Alberta Hern\u00e1ndez pide ayuda a las autoridades y a la poblaci\u00f3n para localizar a su hijo, pues refiere que Efra\u00edn Hern\u00e1ndez Espinoza aparte de consumir bebidas alcoh\u00f3licas de manera frecuente, tambi\u00e9n se droga.&nbsp;<\/p>\n\n\n\n<p>Para cualquier informaci\u00f3n sobre el paradero del menor favor llamar al n\u00famero 771 752070.&nbsp;<\/p>\n","protected":false},"excerpt":{"rendered":"<p>Al peque\u00f1o, de tres a\u00f1os de edad, se lo llev\u00f3 su pap\u00e1 en estado de ebriedad y no regresaron&nbsp; En entrevista para Plaza Ju\u00e1rez la se\u00f1ora Alberta Hern\u00e1ndez, vecina de la colonia Hidalgo Unido, de San Felipe Orizatl\u00e1n dijo estar consternada y preocupada por no saber el paradero de su hijo que est\u00e1 pr\u00f3ximo a [&hellip;]<\/p>\n","protected":false},"author":76,"featured_media":190845,"comment_status":"closed","ping_status":"closed","sticky":false,"template":"","format":"standard","meta":{"footnotes":""},"categories":[2159,40],"tags":[],"class_list":["post-190844","post","type-post","status-publish","format-standard","has-post-thumbnail","hentry","category-noticias-de-hidalgo","category-region"],"_links":{"self":[{"href":"https:\/\/plazajuarez.mx\/historico\/wp-json\/wp\/v2\/posts\/190844","targetHints":{"allow":["GET"]}}],"collection":[{"href":"https:\/\/plazajuarez.mx\/historico\/wp-json\/wp\/v2\/posts"}],"about":[{"href":"https:\/\/plazajuarez.mx\/historico\/wp-json\/wp\/v2\/types\/post"}],"author":[{"embeddable":true,"href":"https:\/\/plazajuarez.mx\/historico\/wp-json\/wp\/v2\/users\/76"}],"replies":[{"embeddable":true,"href":"https:\/\/plazajuarez.mx\/historico\/wp-json\/wp\/v2\/comments?post=190844"}],"version-history":[{"count":0,"href":"https:\/\/plazajuarez.mx\/historico\/wp-json\/wp\/v2\/posts\/190844\/revisions"}],"wp:featuredmedia":[{"embeddable":true,"href":"https:\/\/plazajuarez.mx\/historico\/wp-json\/wp\/v2\/media\/190845"}],"wp:attachment":[{"href":"https:\/\/plazajuarez.mx\/historico\/wp-json\/wp\/v2\/media?parent=190844"}],"wp:term":[{"taxonomy":"category","embeddable":true,"href":"https:\/\/plazajuarez.mx\/historico\/wp-json\/wp\/v2\/categories?post=190844"},{"taxonomy":"post_tag","embeddable":true,"href":"https:\/\/plazajuarez.mx\/historico\/wp-json\/wp\/v2\/tags?post=190844"}],"curies":[{"name":"wp","href":"https:\/\/api.w.org\/{rel}","templated":true}]}}