{"id":190630,"date":"2021-11-11T16:39:11","date_gmt":"2021-11-11T22:39:11","guid":{"rendered":"https:\/\/plazajuarez.mx\/?p=190630"},"modified":"2021-11-11T16:39:21","modified_gmt":"2021-11-11T22:39:21","slug":"las-esferas-de-yvonne-domenge-irradian-belleza-en-mexico","status":"publish","type":"post","link":"https:\/\/plazajuarez.mx\/historico\/las-esferas-de-yvonne-domenge-irradian-belleza-en-mexico\/","title":{"rendered":"Las esferas de Yvonne Domenge irradian belleza en M\u00e9xico"},"content":{"rendered":"\n<p>(EFE) Las monumentales esferas de la escultora mexicana Yvonne Domenge irradian belleza en una exhibici\u00f3n planeada por la misma artista antes de morir y expuesta en el Palacio de Iturbide de Ciudad de M\u00e9xico, museo que reabre sus puertas por primera vez desde el inicio de la pandemia de la covid-19.<\/p>\n\n\n\n<p>&#8220;Esta exposici\u00f3n trata de hacer una s\u00edntesis de todas las b\u00fasquedas conceptuales y formales de Yvonne Domenge, siempre a partir de la perfecci\u00f3n arm\u00f3nica de la esfera, que se convirti\u00f3 en una especie de obsesi\u00f3n y en una gran aportaci\u00f3n&#8221;, dijo este jueves a Efe Cristina G\u00e1lvez, curadora de la muestra y amiga de la artista.<\/p>\n\n\n\n<p>La muestra, que abrir\u00e1 al p\u00fablico desde este viernes hasta el mes de mayo, cuenta con 140 obras de Domenge (Ciudad de M\u00e9xico, 1946-2019), la mayor\u00eda esferas de diversos tama\u00f1os, materiales y relieves, as\u00ed como una reconstrucci\u00f3n de su casa y entrevistas con artistas que la conocieron.<\/p>\n\n\n\n<p>&#8220;Me preguntaba por d\u00f3nde abordar la obra de Yvonne Domenge y el denominador com\u00fan, el protagonismo es la belleza, y eso es lo que ella buscaba&#8221;, revel\u00f3 G\u00e1lvez.<\/p>\n\n\n\n<p>Y es que para la escultora, la funci\u00f3n primordial del arte es provocar &#8220;un cambio de conciencia&#8221; a partir de la admiraci\u00f3n de la belleza en las obras de arte.<\/p>\n\n\n\n<p>La misma Domenge particip\u00f3 en la preparaci\u00f3n de la exposici\u00f3n, pero falleci\u00f3 el 27 de septiembre de 2019 a los 73 a\u00f1os.<\/p>\n\n\n\n<p>Adem\u00e1s, la muestra se iba a presentar al p\u00fablico en abril de 2020, pero la pandemia de covid-19 oblig\u00f3 a posponer su estreno hasta ahora, que el Palacio de Iturbide reabre sus puertas.<\/p>\n\n\n\n<p>En el patio central de este imponente palacio virreinal del centro de la capital mexicana se levanta una de las \u00faltimas obras de la artista: una esfera de acero de m\u00e1s de cuatro metros que emula las baldosas de las iglesias renacentistas.<\/p>\n\n\n\n<p>Yvonne Domenge comenz\u00f3 su carrera haciendo esculturas figurativas pero poco a poco evolucion\u00f3 hacia lo abstracto hasta abrazar las esferas, desde peque\u00f1as figuras de madera hasta monumentales esferas de acero y bronce expuestas al aire libre que le valieron el reconocimiento internacional.<\/p>\n\n\n\n<p>&#8220;Dec\u00eda Yvonne que todos nacimos de la esfera y acabamos siendo esfera: part\u00edculas, mol\u00e9culas y \u00e1tomos&#8221;, subray\u00f3 G\u00e1lvez.<\/p>\n\n\n\n<p>El Palacio de Iturbide, que pertenece a Citibanamex, tambi\u00e9n posee una exposici\u00f3n de piezas de arte popular sobre la independencia mexicana, de la que se cumplen 200 a\u00f1os.<\/p>\n\n\n\n<p>Actualmente, en el espacio se lleva a cabo la exposici\u00f3n &#8220;La Independencia a trav\u00e9s de los Grandes Maestros del Arte Popular de M\u00e9xico&#8221;.<\/p>\n\n\n\n<p>Domenge naci\u00f3 en Ciudad de M\u00e9xico en 1946 y estudi\u00f3 artes pl\u00e1sticas en Montreal (Canad\u00e1), en Washington D.C. (EE.UU.) y en la capital mexicana.<\/p>\n\n\n\n<p>La escultora particip\u00f3 en m\u00e1s de 40 exposiciones individuales y casi 200 exposiciones colectivas en M\u00e9xico, Estados Unidos, Canad\u00e1, Europa y China, incluyendo el Museo del Louvre en Par\u00eds y el Millennium Park de Chicago.<\/p>\n","protected":false},"excerpt":{"rendered":"<p>(EFE) Las monumentales esferas de la escultora mexicana Yvonne Domenge irradian belleza en una exhibici\u00f3n planeada por la misma artista antes de morir y expuesta en el Palacio de Iturbide de Ciudad de M\u00e9xico, museo que reabre sus puertas por primera vez desde el inicio de la pandemia de la covid-19. &#8220;Esta exposici\u00f3n trata de [&hellip;]<\/p>\n","protected":false},"author":80,"featured_media":190637,"comment_status":"closed","ping_status":"closed","sticky":false,"template":"","format":"standard","meta":{"footnotes":""},"categories":[41,2160],"tags":[],"class_list":["post-190630","post","type-post","status-publish","format-standard","has-post-thumbnail","hentry","category-arteria-cultural","category-noticias-de-la-ciudad-de-mexico"],"_links":{"self":[{"href":"https:\/\/plazajuarez.mx\/historico\/wp-json\/wp\/v2\/posts\/190630","targetHints":{"allow":["GET"]}}],"collection":[{"href":"https:\/\/plazajuarez.mx\/historico\/wp-json\/wp\/v2\/posts"}],"about":[{"href":"https:\/\/plazajuarez.mx\/historico\/wp-json\/wp\/v2\/types\/post"}],"author":[{"embeddable":true,"href":"https:\/\/plazajuarez.mx\/historico\/wp-json\/wp\/v2\/users\/80"}],"replies":[{"embeddable":true,"href":"https:\/\/plazajuarez.mx\/historico\/wp-json\/wp\/v2\/comments?post=190630"}],"version-history":[{"count":0,"href":"https:\/\/plazajuarez.mx\/historico\/wp-json\/wp\/v2\/posts\/190630\/revisions"}],"wp:featuredmedia":[{"embeddable":true,"href":"https:\/\/plazajuarez.mx\/historico\/wp-json\/wp\/v2\/media\/190637"}],"wp:attachment":[{"href":"https:\/\/plazajuarez.mx\/historico\/wp-json\/wp\/v2\/media?parent=190630"}],"wp:term":[{"taxonomy":"category","embeddable":true,"href":"https:\/\/plazajuarez.mx\/historico\/wp-json\/wp\/v2\/categories?post=190630"},{"taxonomy":"post_tag","embeddable":true,"href":"https:\/\/plazajuarez.mx\/historico\/wp-json\/wp\/v2\/tags?post=190630"}],"curies":[{"name":"wp","href":"https:\/\/api.w.org\/{rel}","templated":true}]}}