{"id":190629,"date":"2021-11-11T16:36:11","date_gmt":"2021-11-11T22:36:11","guid":{"rendered":"https:\/\/plazajuarez.mx\/?p=190629"},"modified":"2021-11-11T16:36:20","modified_gmt":"2021-11-11T22:36:20","slug":"gobernador-brasileno-da-positivo-por-covid","status":"publish","type":"post","link":"https:\/\/plazajuarez.mx\/historico\/gobernador-brasileno-da-positivo-por-covid\/","title":{"rendered":"Un gobernador brasile\u00f1o da positivo por covid en la COP26 de Glasgow"},"content":{"rendered":"\n<p>(EFE) El gobernador del estado brasile\u00f1o de Piau\u00ed, Wellington D\u00edas, dio positivo para covid-19 durante su participaci\u00f3n en la cumbre del clima COP26 de Glasgow y, de confirmarse el diagn\u00f3stico en la contraprueba, permanecer\u00e1 en cuarentena en Reino Unido, inform\u00f3 este jueves la Gobernaci\u00f3n.<\/p>\n\n\n\n<p>D\u00edas dio positivo este jueves &#8220;durante la realizaci\u00f3n de ex\u00e1menes obligatorios hechos diariamente en el marco de la COP26&#8221;, que se celebra en la capital escocesa.<\/p>\n\n\n\n<p>Seg\u00fan el comunicado, el gobernador &#8220;est\u00e1 vacunado con las dos dosis de la vacuna y, a pesar de la prueba positiva, se encuentra bien, manifestando solo s\u00edntomas leves de la enfermedad&#8221;.<\/p>\n\n\n\n<p>De acuerdo con la informaci\u00f3n, &#8220;un nuevo examen, de tipo PCR, fue realizado como contraprueba y su resultado deber\u00e1 salir el viernes&#8221;.<\/p>\n\n\n\n<p>En caso de la contraprueba confirmar el positivo, el gobernador &#8220;deber\u00e1 quedar en cuarentena en Reino Unido por un per\u00edodo de 14 d\u00edas, cumpliendo las normas locales de seguridad sanitaria&#8221;.<\/p>\n\n\n\n<p>&#8220;Los dem\u00e1s miembros de la delegaci\u00f3n de Piau\u00ed cumplir\u00e1n la agenda programada en el evento y retornar\u00e1n a Brasil cuando concluyan la participaci\u00f3n planeada&#8221;, detall\u00f3 la informaci\u00f3n.<\/p>\n\n\n\n<p>Adem\u00e1s de gobernador y miembro del progresista Partido de los Trabajadores (PT), D\u00edas es tambi\u00e9n presidente del bloque Consorcio Nordeste, que re\u00fane a los 9 estados de esa regi\u00f3n y se opone al Gobierno ultraderechista del presidente brasile\u00f1o, Jair Bolsonaro.<\/p>\n\n\n\n<p>Durante su participaci\u00f3n en la COP26, D\u00edas se hab\u00eda reunido con representantes de otros Gobiernos y de empresas internacionales de diferentes sectores, especialmente de energ\u00edas renovables y turismo, para exponerles el potencial para inversiones en Piau\u00ed.<\/p>\n","protected":false},"excerpt":{"rendered":"<p>(EFE) El gobernador del estado brasile\u00f1o de Piau\u00ed, Wellington D\u00edas, dio positivo para covid-19 durante su participaci\u00f3n en la cumbre del clima COP26 de Glasgow y, de confirmarse el diagn\u00f3stico en la contraprueba, permanecer\u00e1 en cuarentena en Reino Unido, inform\u00f3 este jueves la Gobernaci\u00f3n. D\u00edas dio positivo este jueves &#8220;durante la realizaci\u00f3n de ex\u00e1menes obligatorios [&hellip;]<\/p>\n","protected":false},"author":80,"featured_media":190635,"comment_status":"closed","ping_status":"closed","sticky":false,"template":"","format":"standard","meta":{"footnotes":""},"categories":[31],"tags":[],"class_list":["post-190629","post","type-post","status-publish","format-standard","has-post-thumbnail","hentry","category-orbe"],"_links":{"self":[{"href":"https:\/\/plazajuarez.mx\/historico\/wp-json\/wp\/v2\/posts\/190629","targetHints":{"allow":["GET"]}}],"collection":[{"href":"https:\/\/plazajuarez.mx\/historico\/wp-json\/wp\/v2\/posts"}],"about":[{"href":"https:\/\/plazajuarez.mx\/historico\/wp-json\/wp\/v2\/types\/post"}],"author":[{"embeddable":true,"href":"https:\/\/plazajuarez.mx\/historico\/wp-json\/wp\/v2\/users\/80"}],"replies":[{"embeddable":true,"href":"https:\/\/plazajuarez.mx\/historico\/wp-json\/wp\/v2\/comments?post=190629"}],"version-history":[{"count":0,"href":"https:\/\/plazajuarez.mx\/historico\/wp-json\/wp\/v2\/posts\/190629\/revisions"}],"wp:featuredmedia":[{"embeddable":true,"href":"https:\/\/plazajuarez.mx\/historico\/wp-json\/wp\/v2\/media\/190635"}],"wp:attachment":[{"href":"https:\/\/plazajuarez.mx\/historico\/wp-json\/wp\/v2\/media?parent=190629"}],"wp:term":[{"taxonomy":"category","embeddable":true,"href":"https:\/\/plazajuarez.mx\/historico\/wp-json\/wp\/v2\/categories?post=190629"},{"taxonomy":"post_tag","embeddable":true,"href":"https:\/\/plazajuarez.mx\/historico\/wp-json\/wp\/v2\/tags?post=190629"}],"curies":[{"name":"wp","href":"https:\/\/api.w.org\/{rel}","templated":true}]}}