{"id":190625,"date":"2021-11-11T15:05:12","date_gmt":"2021-11-11T21:05:12","guid":{"rendered":"https:\/\/plazajuarez.mx\/?p=190625"},"modified":"2021-11-11T15:05:26","modified_gmt":"2021-11-11T21:05:26","slug":"alemania-se-disparan-a-un-nuevo-maximo-de-50000","status":"publish","type":"post","link":"https:\/\/plazajuarez.mx\/historico\/alemania-se-disparan-a-un-nuevo-maximo-de-50000\/","title":{"rendered":"Alemania se disparan a un nuevo m\u00e1ximo de 50.000 contagios en un d\u00eda"},"content":{"rendered":"\n<p>(EFE) Los nuevos contagios con <a href=\"https:\/\/plazajuarez.mx\/historico\/historico\/category\/covid-19\/\" target=\"_blank\" rel=\"noreferrer noopener\">coronavirus <\/a>en un d\u00eda se dispararon en Alemania a un nuevo m\u00e1ximo diario de 50.196, al igual que la incidencia, que alcanz\u00f3 la cifra r\u00e9cord de 249,1 nuevas infecciones por cada 100.000 habitantes.<\/p>\n\n\n\n<p>Alemania lleva registrando en la \u00faltima semana varias m\u00e1ximos de nuevos contagios e incidencia no s\u00f3lo en esta cuarta ola, sino desde que comenz\u00f3 la pandemia.<\/p>\n\n\n\n<p>En tanto, la cifra de muertos por o con covid-19 ascendi\u00f3 a 235, frente a 165 hace una semana, y la cifra de casos activos se sit\u00faa en 364.400, seg\u00fan datos del I<a href=\"https:\/\/www.rki.de\/EN\/Home\/homepage_node.html\" target=\"_blank\" rel=\"noreferrer noopener\">nstituto Robert Koch<\/a> (RKI) de virolog\u00eda actualizados la pasada madrugada.<\/p>\n\n\n\n<p>El m\u00e1ximo de muertos se registr\u00f3 el 14 de enero pasado, en plena segunda ola de la pandemia y apenas iniciada la campa\u00f1a de vacunaci\u00f3n, con 1.244 v\u00edctimas fatales.<\/p>\n\n\n\n<p>Seg\u00fan el \u00faltimo informe diario del RKI, publicado en la tarde de ayer, el martes se reportaron 1.364 hospitalizaciones por coronavirus y una tasa acumulada de ingresos en siete d\u00edas de 4,61 por cada 100.000 habitantes.<\/p>\n\n\n\n<p>El m\u00e1ximo de hospitalizaciones se registr\u00f3 en los d\u00edas en torno a la pasada Navidad, con una tasa acumulada de 15,5.<\/p>\n\n\n\n<p>El martes, la cifra de pacientes con covid-19 en las ucis se situaba en 2.687 -71 m\u00e1s en un d\u00eda-, lo que corresponde a una ocupaci\u00f3n del 12,1 % de camas disponibles en las unidades de cr\u00edticos para la poblaci\u00f3n adulta.<\/p>\n\n\n\n<p>La tasa de vacunaci\u00f3n sigue pr\u00e1cticamente estancada por debajo del 70 %; hasta el martes, el 69,8 % de la poblaci\u00f3n de Alemania hab\u00eda sido vacunada, el 67,3 % con la pauta completa.<\/p>\n","protected":false},"excerpt":{"rendered":"<p>(EFE) Los nuevos contagios con coronavirus en un d\u00eda se dispararon en Alemania a un nuevo m\u00e1ximo diario de 50.196, al igual que la incidencia, que alcanz\u00f3 la cifra r\u00e9cord de 249,1 nuevas infecciones por cada 100.000 habitantes. Alemania lleva registrando en la \u00faltima semana varias m\u00e1ximos de nuevos contagios e incidencia no s\u00f3lo en [&hellip;]<\/p>\n","protected":false},"author":80,"featured_media":190626,"comment_status":"closed","ping_status":"closed","sticky":false,"template":"","format":"standard","meta":{"footnotes":""},"categories":[2141,31],"tags":[],"class_list":["post-190625","post","type-post","status-publish","format-standard","has-post-thumbnail","hentry","category-covid-19","category-orbe"],"_links":{"self":[{"href":"https:\/\/plazajuarez.mx\/historico\/wp-json\/wp\/v2\/posts\/190625","targetHints":{"allow":["GET"]}}],"collection":[{"href":"https:\/\/plazajuarez.mx\/historico\/wp-json\/wp\/v2\/posts"}],"about":[{"href":"https:\/\/plazajuarez.mx\/historico\/wp-json\/wp\/v2\/types\/post"}],"author":[{"embeddable":true,"href":"https:\/\/plazajuarez.mx\/historico\/wp-json\/wp\/v2\/users\/80"}],"replies":[{"embeddable":true,"href":"https:\/\/plazajuarez.mx\/historico\/wp-json\/wp\/v2\/comments?post=190625"}],"version-history":[{"count":0,"href":"https:\/\/plazajuarez.mx\/historico\/wp-json\/wp\/v2\/posts\/190625\/revisions"}],"wp:featuredmedia":[{"embeddable":true,"href":"https:\/\/plazajuarez.mx\/historico\/wp-json\/wp\/v2\/media\/190626"}],"wp:attachment":[{"href":"https:\/\/plazajuarez.mx\/historico\/wp-json\/wp\/v2\/media?parent=190625"}],"wp:term":[{"taxonomy":"category","embeddable":true,"href":"https:\/\/plazajuarez.mx\/historico\/wp-json\/wp\/v2\/categories?post=190625"},{"taxonomy":"post_tag","embeddable":true,"href":"https:\/\/plazajuarez.mx\/historico\/wp-json\/wp\/v2\/tags?post=190625"}],"curies":[{"name":"wp","href":"https:\/\/api.w.org\/{rel}","templated":true}]}}