{"id":190624,"date":"2021-11-11T16:22:24","date_gmt":"2021-11-11T22:22:24","guid":{"rendered":"https:\/\/plazajuarez.mx\/?p=190624"},"modified":"2021-11-11T22:00:30","modified_gmt":"2021-11-12T04:00:30","slug":"interpol-emite-orden-de-captura-contra-exdirector-de-pemex-carlos-trevino","status":"publish","type":"post","link":"https:\/\/plazajuarez.mx\/historico\/interpol-emite-orden-de-captura-contra-exdirector-de-pemex-carlos-trevino\/","title":{"rendered":"Interpol emite orden de captura contra exdirector de Pemex Carlos Trevi\u00f1o"},"content":{"rendered":"\n<p>(EFE) La Interpol emiti\u00f3 una ficha roja para la b\u00fasqueda y captura de <a href=\"https:\/\/plazajuarez.mx\/historico\/historico\/2021\/11\/10\/exdirector-de-pemex-ofrece-5-millones-de-dolares\/\" target=\"_blank\" rel=\"noreferrer noopener\">Carlos Trevi\u00f1o<\/a>, exdirector de Petr\u00f3leos Mexicanos (Pemex), acusado de blanqueo de capitales y asociaci\u00f3n delictuosa, confirmaron este jueves a Efe fuentes diplom\u00e1ticas.<\/p>\n\n\n\n<p>La ficha roja, que permitir\u00e1 la b\u00fasqueda y detenci\u00f3n en m\u00e1s de 190 pa\u00edses de Trevi\u00f1o, cuya \u00faltima ubicaci\u00f3n conocida es Houston, Estados Unidos, se emiti\u00f3 a petici\u00f3n de la Fiscal\u00eda General de la Rep\u00fablica (FGR), que a\u00fan no se ha pronunciado sobre el caso.<\/p>\n\n\n\n<p>Apenas la semana pasada, un juez mexicano orden\u00f3 el arresto de Trevi\u00f1o, quien dirigi\u00f3 la petrolera del Estado de 2017 a 2018, en la \u00faltima etapa de la presidencia de Enrique Pe\u00f1a Nieto (2012-2018).<\/p>\n\n\n\n<p>El exfuncionario, acusado de recibir 4 millones de pesos (unos 200.000 d\u00f3lares) en sobornos, no se present\u00f3 el 7 de septiembre a comparecer ante la justicia por los delitos de blanqueo de capitales y asociaci\u00f3n para delinquir, lo que motiv\u00f3 la orden de arresto.<\/p>\n\n\n\n<p>Emilio Lozoya, tambi\u00e9n exdirector de Pemex (2012-2016) y en prisi\u00f3n preventiva en el Reclusorio Norte de Ciudad de M\u00e9xico por el mismo caso, acus\u00f3 en agosto a Trevi\u00f1o de haber sido parte de los sobornos en relaci\u00f3n a la planta Etileno XXI, dentro del supuesto esquema de corrupci\u00f3n de Odebrecht.<\/p>\n\n\n\n<p>El Ministerio P\u00fablico judicializ\u00f3 una carpeta de investigaci\u00f3n en la que se\u00f1ala a Trevi\u00f1o de presuntamente recibir 4 millones de pesos (unos 200.000 d\u00f3lares) en septiembre de 2014 en su domicilio en Estado de M\u00e9xico.<\/p>\n\n\n\n<p>Presuntamente, el dinero se entreg\u00f3 para que continuase el contrato de suministro de etano entre Pemex Gas y Petroqu\u00edmica B\u00e1sica y Braskem, filial petroqu\u00edmica de Odebrecht.<\/p>\n\n\n\n<p>Trevi\u00f1o ha negado todas las acusaciones y envi\u00f3 al juez una carta en la que aleg\u00f3 falta de seguridad jur\u00eddica para un juicio justo.<\/p>\n\n\n\n<p>Adem\u00e1s, su defensa asegur\u00f3 a medios locales que al exdirector de Pemex no le consta dicha orden de aprehensi\u00f3n y que est\u00e1 en Houston, Texas.<\/p>\n\n\n\n<p>La ficha roja de Interpol contra Trevi\u00f1o se emite mientras Lozoya afronta dos \u00f3rdenes de prisi\u00f3n preventiva, una dictada la semana pasada por la trama de sobornos de Odebrecht y otra este mi\u00e9rcoles por la compra de la planta chatarra de Agronitrogenados.<\/p>\n\n\n\n<p>Lozoya se hab\u00eda acogido en un principio al &#8220;criterio de oportunidad&#8221; de la FGR para evitar la c\u00e1rcel a cambio de denunciar a Trevi\u00f1o, Pe\u00f1a Nieto y otros altos funcionarios y pol\u00edticos del sexenio anterior implicados en la red de sobornos.<\/p>\n\n\n\n<p>Sin embargo, el Ministerio P\u00fablico cambi\u00f3 la semana pasada de criterio y solicit\u00f3 su encarcelamiento preventivo despu\u00e9s de que se viralizaron, el 9 de octubre, im\u00e1genes de Lozoya en un lujoso restaurante de Ciudad de M\u00e9xico, algo que L\u00f3pez Obrador calific\u00f3 de &#8220;inmoral&#8221;.<\/p>\n","protected":false},"excerpt":{"rendered":"<p>(EFE) La Interpol emiti\u00f3 una ficha roja para la b\u00fasqueda y captura de Carlos Trevi\u00f1o, exdirector de Petr\u00f3leos Mexicanos (Pemex), acusado de blanqueo de capitales y asociaci\u00f3n delictuosa, confirmaron este jueves a Efe fuentes diplom\u00e1ticas. La ficha roja, que permitir\u00e1 la b\u00fasqueda y detenci\u00f3n en m\u00e1s de 190 pa\u00edses de Trevi\u00f1o, cuya \u00faltima ubicaci\u00f3n conocida [&hellip;]<\/p>\n","protected":false},"author":80,"featured_media":190631,"comment_status":"closed","ping_status":"closed","sticky":false,"template":"","format":"standard","meta":{"footnotes":""},"categories":[31],"tags":[],"class_list":["post-190624","post","type-post","status-publish","format-standard","has-post-thumbnail","hentry","category-orbe"],"_links":{"self":[{"href":"https:\/\/plazajuarez.mx\/historico\/wp-json\/wp\/v2\/posts\/190624","targetHints":{"allow":["GET"]}}],"collection":[{"href":"https:\/\/plazajuarez.mx\/historico\/wp-json\/wp\/v2\/posts"}],"about":[{"href":"https:\/\/plazajuarez.mx\/historico\/wp-json\/wp\/v2\/types\/post"}],"author":[{"embeddable":true,"href":"https:\/\/plazajuarez.mx\/historico\/wp-json\/wp\/v2\/users\/80"}],"replies":[{"embeddable":true,"href":"https:\/\/plazajuarez.mx\/historico\/wp-json\/wp\/v2\/comments?post=190624"}],"version-history":[{"count":0,"href":"https:\/\/plazajuarez.mx\/historico\/wp-json\/wp\/v2\/posts\/190624\/revisions"}],"wp:featuredmedia":[{"embeddable":true,"href":"https:\/\/plazajuarez.mx\/historico\/wp-json\/wp\/v2\/media\/190631"}],"wp:attachment":[{"href":"https:\/\/plazajuarez.mx\/historico\/wp-json\/wp\/v2\/media?parent=190624"}],"wp:term":[{"taxonomy":"category","embeddable":true,"href":"https:\/\/plazajuarez.mx\/historico\/wp-json\/wp\/v2\/categories?post=190624"},{"taxonomy":"post_tag","embeddable":true,"href":"https:\/\/plazajuarez.mx\/historico\/wp-json\/wp\/v2\/tags?post=190624"}],"curies":[{"name":"wp","href":"https:\/\/api.w.org\/{rel}","templated":true}]}}