{"id":190617,"date":"2021-11-11T14:42:41","date_gmt":"2021-11-11T20:42:41","guid":{"rendered":"https:\/\/plazajuarez.mx\/?p=190617"},"modified":"2021-11-11T14:42:48","modified_gmt":"2021-11-11T20:42:48","slug":"presidenta-de-santander-destaca-financiacion-para-economia-verde","status":"publish","type":"post","link":"https:\/\/plazajuarez.mx\/historico\/presidenta-de-santander-destaca-financiacion-para-economia-verde\/","title":{"rendered":"Presidenta de Santander destaca financiaci\u00f3n para econom\u00eda verde"},"content":{"rendered":"\n<p>(EFE) La presidenta del Banco Santander, Ana Bot\u00edn, destac\u00f3 el impulso que desde la banca se da para la transici\u00f3n mundial hacia una &#8220;econom\u00eda verde&#8221; durante una visita a M\u00e9xico, inform\u00f3 este jueves la instituci\u00f3n financiera espa\u00f1ola.<\/p>\n\n\n\n<p>&#8220;La presidenta de Banco Santander, Ana Bot\u00edn, afirm\u00f3 que &#8216;el mundo financiero global se est\u00e1 movilizando para apoyar la transici\u00f3n a la econom\u00eda verde'&#8221;, explic\u00f3 el Santander en un comunicado.<\/p>\n\n\n\n<p>Estas declaraciones se dieron durante el primer Foro Santander Sustentable M\u00e9xico, que se celebr\u00f3 a puerta cerrada con voces destacadas en la materia en el \u00e1mbito internacional, junto con empresas, corporativos e inversionistas.<\/p>\n\n\n\n<p>\u201cEstamos financiando la transici\u00f3n verde. Somos l\u00edderes globales en financiaci\u00f3n de renovables. Solo desde 2020, los proyectos renovables que hemos financiado han creado energ\u00eda suficiente para abastecer una ciudad tres veces el tama\u00f1o de Londres\u201d, afirm\u00f3 Bot\u00edn durante el encuentro.<\/p>\n\n\n\n<p>Adem\u00e1s, resalt\u00f3 que ante la situaci\u00f3n clim\u00e1tica \u201cnecesitamos planificaci\u00f3n y marcos regulatorios a largo plazo para la transici\u00f3n a bajas emisiones de carbono\u201d, indic\u00f3 la directiva.<\/p>\n\n\n\n<p>Bot\u00edn reiter\u00f3 el compromiso del Santander de que \u201cen el 2030 dejaremos de prestar servicios a clientes con m\u00e1s de 10 % de sus ingresos procedentes del carb\u00f3n t\u00e9rmico y eliminaremos toda exposici\u00f3n a la miner\u00eda de carb\u00f3n t\u00e9rmico para cumplir con los compromisos de Par\u00eds\u201d.<\/p>\n\n\n\n<p>Por su parte, el presidente ejecutivo y director general de Santander M\u00e9xico, H\u00e9ctor Grisi, destac\u00f3 que ante el reto ambiental existente se debe actuar tanto por &#8220;obligaci\u00f3n moral&#8221; como por &#8220;razones estrat\u00e9gicas&#8221;.<\/p>\n\n\n\n<p>Asegur\u00f3 que Santander en M\u00e9xico se ha consolidado como uno de los principales promotores del financiamiento de veh\u00edculos verdes y de proyectos de energ\u00eda renovable.<\/p>\n\n\n\n<p>Ana Bot\u00edn estuvo estos d\u00edas de visita en M\u00e9xico y se reuni\u00f3 de manera privada con el presidente Andr\u00e9s Manuel L\u00f3pez Obrador el lunes, inform\u00f3 el Santander a Efe.<\/p>\n\n\n\n<p>La presidenta del Banco Santander ha viajado en varias ocasiones al pa\u00eds y tiene una buena relaci\u00f3n con L\u00f3pez Obrador.<\/p>\n\n\n\n<p>&#8220;Tenemos enorme confianza en M\u00e9xico y seguiremos invirtiendo y apoyando a las pymes y a las familias mexicanas&#8221;, dijo Bot\u00edn el pasado abril tras reunirse con el presidente.<\/p>\n","protected":false},"excerpt":{"rendered":"<p>(EFE) La presidenta del Banco Santander, Ana Bot\u00edn, destac\u00f3 el impulso que desde la banca se da para la transici\u00f3n mundial hacia una &#8220;econom\u00eda verde&#8221; durante una visita a M\u00e9xico, inform\u00f3 este jueves la instituci\u00f3n financiera espa\u00f1ola. &#8220;La presidenta de Banco Santander, Ana Bot\u00edn, afirm\u00f3 que &#8216;el mundo financiero global se est\u00e1 movilizando para apoyar [&hellip;]<\/p>\n","protected":false},"author":80,"featured_media":190622,"comment_status":"closed","ping_status":"closed","sticky":false,"template":"","format":"standard","meta":{"footnotes":""},"categories":[31],"tags":[],"class_list":["post-190617","post","type-post","status-publish","format-standard","has-post-thumbnail","hentry","category-orbe"],"_links":{"self":[{"href":"https:\/\/plazajuarez.mx\/historico\/wp-json\/wp\/v2\/posts\/190617","targetHints":{"allow":["GET"]}}],"collection":[{"href":"https:\/\/plazajuarez.mx\/historico\/wp-json\/wp\/v2\/posts"}],"about":[{"href":"https:\/\/plazajuarez.mx\/historico\/wp-json\/wp\/v2\/types\/post"}],"author":[{"embeddable":true,"href":"https:\/\/plazajuarez.mx\/historico\/wp-json\/wp\/v2\/users\/80"}],"replies":[{"embeddable":true,"href":"https:\/\/plazajuarez.mx\/historico\/wp-json\/wp\/v2\/comments?post=190617"}],"version-history":[{"count":0,"href":"https:\/\/plazajuarez.mx\/historico\/wp-json\/wp\/v2\/posts\/190617\/revisions"}],"wp:featuredmedia":[{"embeddable":true,"href":"https:\/\/plazajuarez.mx\/historico\/wp-json\/wp\/v2\/media\/190622"}],"wp:attachment":[{"href":"https:\/\/plazajuarez.mx\/historico\/wp-json\/wp\/v2\/media?parent=190617"}],"wp:term":[{"taxonomy":"category","embeddable":true,"href":"https:\/\/plazajuarez.mx\/historico\/wp-json\/wp\/v2\/categories?post=190617"},{"taxonomy":"post_tag","embeddable":true,"href":"https:\/\/plazajuarez.mx\/historico\/wp-json\/wp\/v2\/tags?post=190617"}],"curies":[{"name":"wp","href":"https:\/\/api.w.org\/{rel}","templated":true}]}}