{"id":190616,"date":"2021-11-11T14:35:58","date_gmt":"2021-11-11T20:35:58","guid":{"rendered":"https:\/\/plazajuarez.mx\/?p=190616"},"modified":"2021-11-11T14:36:11","modified_gmt":"2021-11-11T20:36:11","slug":"la-covid-19-puede-causar-diabetes-y-danos-al-pancreas","status":"publish","type":"post","link":"https:\/\/plazajuarez.mx\/historico\/la-covid-19-puede-causar-diabetes-y-danos-al-pancreas\/","title":{"rendered":"La covid-19 puede causar diabetes y da\u00f1os al p\u00e1ncreas, advierte experto"},"content":{"rendered":"\n<p>(EFE) La enfermedad causada por el SARS-CoV-2 ha dejado estragos de salud en quienes la padecen, entre ellos diabetes y da\u00f1os al p\u00e1ncreas, indic\u00f3 este jueves un experto desde M\u00e9xico.<\/p>\n\n\n\n<p>&#8220;En los pacientes que llegaron a los hospitales a atenderse por estar contagiados de covid-19, encontraron que muchos de ellos llegaron con niveles de glucosa alta, sin tener diabetes&#8221;, advirti\u00f3 en conferencia de prensa Josafat Camacho, presidente m\u00e9dico de la Federaci\u00f3n Mexicana de Diabetes.<\/p>\n\n\n\n<p>El especialista explic\u00f3 que la presencia de esta enfermedad, podr\u00eda atribuirse a una destrucci\u00f3n del p\u00e1ncreas por el coronavirus o al tratamiento farmacol\u00f3gico con cortisona que se utiliza para reducir la inflamaci\u00f3n en pacientes contagiados.<\/p>\n\n\n\n<p>&#8220;Aunque tambi\u00e9n sabemos que la mitad de los diab\u00e9ticos no saben que lo son y quiz\u00e1 se les detecta al momento de ser ingresados por covid-19&#8221;, argument\u00f3.<\/p>\n\n\n\n<p>Afirm\u00f3 que actualmente se cuenta con los elementos suficientes para determinar que el SARS-CoV-2 afecta al p\u00e1ncreas y lo destruye.<\/p>\n\n\n\n<p>&#8220;Se ha demostrado que hay destrucci\u00f3n de c\u00e9lulas beta. Entonces estar\u00edamos hablando de una nueva diabetes secundaria a la covid-19&#8221;, plante\u00f3.<\/p>\n\n\n\n<p>Sin embargo, acept\u00f3 que todav\u00eda es muy prematuro para saber si esta diabetes ser\u00e1 temporal o ya ser\u00e1 una condici\u00f3n de por vida.<\/p>\n\n\n\n<p>A casi dos a\u00f1os del inicio de la pandemia en M\u00e9xico, m\u00e1s de 3,8 millones de mexicanos se han contagiado del SARS-CoV-2, mientras que 290.374 personas han muerto a causa del virus.<\/p>\n\n\n\n<p>El experto record\u00f3 que la diabetes es una enfermedad que, de no controlarse adecuadamente, reduce la vida de una persona entre ocho y 10 a\u00f1os.<\/p>\n\n\n\n<p>Afirm\u00f3 que actualmente, 13 millones de mexicanos -de una poblaci\u00f3n total de 126 millones- est\u00e1n diagnosticados con diabetes, sin embargo, una cantidad igual podr\u00edan ser diab\u00e9ticos sin saberlo y por ende, sin atender la enfermedad.<\/p>\n\n\n\n<p>&#8220;Esto traer\u00e1 como consecuencia que cuando se les detecte, ya tengan complicaciones, dif\u00edciles de atender como por ejemplo, insuficiencia renal o problemas cardiovasculares&#8221;, indic\u00f3.<\/p>\n\n\n\n<p>Y lament\u00f3 que actualmente M\u00e9xico vive tres pandemias juntas: la de diabetes, la de obesidad y la de covid-19, &#8220;cuya suma es catastr\u00f3fica para M\u00e9xico&#8221;, indic\u00f3.<\/p>\n\n\n\n<p>De acuerdo con cifras de la Organizaci\u00f3n Mundial de la Salud (OMS), la diabetes es una enfermedad que afecta a m\u00e1s de 422 millones de personas en el mundo, de las cuales 62 millones se encuentran en la regi\u00f3n de las Am\u00e9ricas.<\/p>\n\n\n\n<p>M\u00e9xico actualmente ocupa el sexto lugar a nivel mundial en casos de diabetes con un estimado de 13 millones de personas que viven con esta enfermedad.<\/p>\n","protected":false},"excerpt":{"rendered":"<p>(EFE) La enfermedad causada por el SARS-CoV-2 ha dejado estragos de salud en quienes la padecen, entre ellos diabetes y da\u00f1os al p\u00e1ncreas, indic\u00f3 este jueves un experto desde M\u00e9xico. &#8220;En los pacientes que llegaron a los hospitales a atenderse por estar contagiados de covid-19, encontraron que muchos de ellos llegaron con niveles de glucosa [&hellip;]<\/p>\n","protected":false},"author":80,"featured_media":190620,"comment_status":"closed","ping_status":"closed","sticky":false,"template":"","format":"standard","meta":{"footnotes":""},"categories":[2141,31],"tags":[],"class_list":["post-190616","post","type-post","status-publish","format-standard","has-post-thumbnail","hentry","category-covid-19","category-orbe"],"_links":{"self":[{"href":"https:\/\/plazajuarez.mx\/historico\/wp-json\/wp\/v2\/posts\/190616","targetHints":{"allow":["GET"]}}],"collection":[{"href":"https:\/\/plazajuarez.mx\/historico\/wp-json\/wp\/v2\/posts"}],"about":[{"href":"https:\/\/plazajuarez.mx\/historico\/wp-json\/wp\/v2\/types\/post"}],"author":[{"embeddable":true,"href":"https:\/\/plazajuarez.mx\/historico\/wp-json\/wp\/v2\/users\/80"}],"replies":[{"embeddable":true,"href":"https:\/\/plazajuarez.mx\/historico\/wp-json\/wp\/v2\/comments?post=190616"}],"version-history":[{"count":0,"href":"https:\/\/plazajuarez.mx\/historico\/wp-json\/wp\/v2\/posts\/190616\/revisions"}],"wp:featuredmedia":[{"embeddable":true,"href":"https:\/\/plazajuarez.mx\/historico\/wp-json\/wp\/v2\/media\/190620"}],"wp:attachment":[{"href":"https:\/\/plazajuarez.mx\/historico\/wp-json\/wp\/v2\/media?parent=190616"}],"wp:term":[{"taxonomy":"category","embeddable":true,"href":"https:\/\/plazajuarez.mx\/historico\/wp-json\/wp\/v2\/categories?post=190616"},{"taxonomy":"post_tag","embeddable":true,"href":"https:\/\/plazajuarez.mx\/historico\/wp-json\/wp\/v2\/tags?post=190616"}],"curies":[{"name":"wp","href":"https:\/\/api.w.org\/{rel}","templated":true}]}}