{"id":190607,"date":"2021-11-11T14:29:05","date_gmt":"2021-11-11T20:29:05","guid":{"rendered":"https:\/\/plazajuarez.mx\/?p=190607"},"modified":"2021-11-11T14:29:18","modified_gmt":"2021-11-11T20:29:18","slug":"isabel-ii-volvera-a-asistir-a-un-acto-publico","status":"publish","type":"post","link":"https:\/\/plazajuarez.mx\/historico\/isabel-ii-volvera-a-asistir-a-un-acto-publico\/","title":{"rendered":"Isabel II volver\u00e1 a asistir a un acto p\u00fablico tras varias semanas de reposo"},"content":{"rendered":"\n<p>(EFE) La reina Isabel II, de 95 a\u00f1os, asistir\u00e1 este fin de semana a un acto en recuerdo de los ca\u00eddos en la Primera Guerra Mundial, su primera aparici\u00f3n p\u00fablica desde que estuvo hospitalizada durante una noche hace tres semanas.<\/p>\n\n\n\n<p>La soberana brit\u00e1nica ha guardado reposo desde entonces por recomendaci\u00f3n facultativa y cancel\u00f3 su asistencia prevista a la cumbre del clima COP26 que se celebra en Glasgow.<\/p>\n\n\n\n<p>La noche del 20 de octubre, la monarca estuvo ingresada en el centro privado King Edward VII de Londres, donde fue sometida a pruebas m\u00e9dicas por una dolencia de la que no han trascendido detalles.<\/p>\n\n\n\n<p>El Palacio de Buckingham, residencia oficial de Isabel II, confirm\u00f3 este jueves que la jefa de Estado brit\u00e1nica estar\u00e1 presente el domingo en la ceremonia anual del D\u00eda del Recuerdo.<\/p>\n\n\n\n<p>&#8220;Como en a\u00f1os anteriores, Su Majestad observar\u00e1 la ceremonia desde el balc\u00f3n del edificio del Ministerio de Exteriores&#8221;, frente al monumento del Cenotafio en la avenida Whitehall de Londres.<\/p>\n\n\n\n<p>La reina, sin embargo, no asistir\u00e1 al acto religioso en memoria de los ca\u00eddos programado el pr\u00f3ximo martes, al que acudir\u00e1 su hijo Eduardo, conde de Wessex.<\/p>\n\n\n\n<p>El pasado martes, la reina regres\u00f3 a su residencia en el Castillo de Windsor, al oeste de Londres, tras pasar el fin de semana en su finca campestre de Sandringham, en el este de Inglaterra.<\/p>\n\n\n\n<p>La semana pasada, medios brit\u00e1nicos publicaron fotograf\u00edas de Isabel II conduciendo un autom\u00f3vil Jaguar cerca de Windsor, ataviada con gafas de sol y un pa\u00f1uelo sobre la cabeza.<\/p>\n\n\n\n<p>Desde que los m\u00e9dicos le recomendaron guardar descanso, la monarca limit\u00f3 sus compromisos oficiales a &#8220;labores ligeras&#8221; desde su residencia, seg\u00fan ha indicado el Palacio.<\/p>\n","protected":false},"excerpt":{"rendered":"<p>(EFE) La reina Isabel II, de 95 a\u00f1os, asistir\u00e1 este fin de semana a un acto en recuerdo de los ca\u00eddos en la Primera Guerra Mundial, su primera aparici\u00f3n p\u00fablica desde que estuvo hospitalizada durante una noche hace tres semanas. La soberana brit\u00e1nica ha guardado reposo desde entonces por recomendaci\u00f3n facultativa y cancel\u00f3 su asistencia [&hellip;]<\/p>\n","protected":false},"author":80,"featured_media":190612,"comment_status":"closed","ping_status":"closed","sticky":false,"template":"","format":"standard","meta":{"footnotes":""},"categories":[31],"tags":[],"class_list":["post-190607","post","type-post","status-publish","format-standard","has-post-thumbnail","hentry","category-orbe"],"_links":{"self":[{"href":"https:\/\/plazajuarez.mx\/historico\/wp-json\/wp\/v2\/posts\/190607","targetHints":{"allow":["GET"]}}],"collection":[{"href":"https:\/\/plazajuarez.mx\/historico\/wp-json\/wp\/v2\/posts"}],"about":[{"href":"https:\/\/plazajuarez.mx\/historico\/wp-json\/wp\/v2\/types\/post"}],"author":[{"embeddable":true,"href":"https:\/\/plazajuarez.mx\/historico\/wp-json\/wp\/v2\/users\/80"}],"replies":[{"embeddable":true,"href":"https:\/\/plazajuarez.mx\/historico\/wp-json\/wp\/v2\/comments?post=190607"}],"version-history":[{"count":0,"href":"https:\/\/plazajuarez.mx\/historico\/wp-json\/wp\/v2\/posts\/190607\/revisions"}],"wp:featuredmedia":[{"embeddable":true,"href":"https:\/\/plazajuarez.mx\/historico\/wp-json\/wp\/v2\/media\/190612"}],"wp:attachment":[{"href":"https:\/\/plazajuarez.mx\/historico\/wp-json\/wp\/v2\/media?parent=190607"}],"wp:term":[{"taxonomy":"category","embeddable":true,"href":"https:\/\/plazajuarez.mx\/historico\/wp-json\/wp\/v2\/categories?post=190607"},{"taxonomy":"post_tag","embeddable":true,"href":"https:\/\/plazajuarez.mx\/historico\/wp-json\/wp\/v2\/tags?post=190607"}],"curies":[{"name":"wp","href":"https:\/\/api.w.org\/{rel}","templated":true}]}}