{"id":190606,"date":"2021-11-11T14:27:54","date_gmt":"2021-11-11T20:27:54","guid":{"rendered":"https:\/\/plazajuarez.mx\/?p=190606"},"modified":"2021-11-11T14:28:02","modified_gmt":"2021-11-11T20:28:02","slug":"objetan-la-delegacion-de-guaido","status":"publish","type":"post","link":"https:\/\/plazajuarez.mx\/historico\/objetan-la-delegacion-de-guaido\/","title":{"rendered":"M\u00e9xico, Argentina y otros pa\u00edses objetan la delegaci\u00f3n de Guaid\u00f3"},"content":{"rendered":"\n<p>(EFE) M\u00e9xico y Argentina encabezaron este jueves un grupo de pa\u00edses que objet\u00f3 la presencia de la representaci\u00f3n del l\u00edder opositor venezolano Juan Guaid\u00f3 en la 51 Asamblea General de la Organizaci\u00f3n de Estados Americanos (OEA) y se\u00f1alaron que el Gobierno de Nicol\u00e1s Maduro anunci\u00f3 su decisi\u00f3n de abandonar ese organismo en 2017.<\/p>\n\n\n\n<p>Durante la verificaci\u00f3n de credenciales de la Asamblea General, que inici\u00f3 este mi\u00e9rcoles y culminar\u00e1 el viernes con Guatemala como sede virtual, la embajadora de M\u00e9xico ante la OEA, Luz Elena Ba\u00f1os Rivas, indic\u00f3 que la inclusi\u00f3n de la representaci\u00f3n actual de Venezuela sienta &#8220;un precedente muy grave&#8221; y exigi\u00f3 que se &#8220;incluya un pie de p\u00e1gina en todas las resoluciones&#8221; en el que se informe al respecto.<\/p>\n\n\n\n<p>De la misma manera se pronunci\u00f3 el representante permanente de Bolivia en la OEA, H\u00e9ctor Enrique Arce Zaconeta, quien enfatiz\u00f3 que su pa\u00eds &#8220;no acepta las credenciales de Venezuela de igual forma como M\u00e9xico&#8221;.<\/p>\n\n\n\n<p>Al discurso de M\u00e9xico y Bolivia sobre la representaci\u00f3n de Venezuela se sumaron los representantes de Nicaragua, Argentina, Dominica, Antigua y Barbuda, Belice y Trinidad y Tobago.<\/p>\n\n\n\n<p>El presidente de la 51 Asamblea General de la OEA y canciller de Guatemala, Pedro Brolo, indic\u00f3 que se tom\u00f3 nota al respecto del pedido de dichos pa\u00edses.<\/p>\n\n\n\n<p>La Organizaci\u00f3n de Estados Americanos reconoce desde 2019 como representante de Venezuela a la Asamblea Nacional de Venezuela (AN, Parlamento) dirigida por el l\u00edder opositor Juan Guaid\u00f3, despu\u00e9s de que el r\u00e9gimen de Nicol\u00e1s Maduro oficializara su salida del ente en 2017.<\/p>\n\n\n\n<p>Por otro lado, la viceministra de Asuntos Multilaterales de Colombia, Carmelina Londo\u00f1o, manifest\u00f3 su &#8220;preocupaci\u00f3n&#8221; en la Asamblea General por la &#8220;alteraci\u00f3n del orden democr\u00e1tico&#8221; en Venezuela y el &#8220;deterioro&#8221; de sus instituciones &#8220;econ\u00f3micas&#8221; y &#8220;humanitarias&#8221;.<\/p>\n\n\n\n<p>Londo\u00f1o pidi\u00f3 la &#8220;investigaci\u00f3n de cr\u00edmenes de lesa humanidad&#8221; y &#8220;liberaci\u00f3n inmediata e incondicional de todos los presos pol\u00edticos&#8221; en Venezuela, adem\u00e1s de la &#8220;celebraci\u00f3n de elecciones presidenciales libres, justas y transparentes bajo observaci\u00f3n internacional cre\u00edble&#8221;.<\/p>\n\n\n\n<p>Las delegaciones de 34 pa\u00edses participar\u00e1n hasta el viernes de las deliberaciones del principal \u00f3rgano de la OEA, que tendr\u00e1 en agenda las cuestionadas elecciones celebradas el pasado domingo en Nicaragua, la pandemia de la covid-19 y la vacunaci\u00f3n.<\/p>\n","protected":false},"excerpt":{"rendered":"<p>(EFE) M\u00e9xico y Argentina encabezaron este jueves un grupo de pa\u00edses que objet\u00f3 la presencia de la representaci\u00f3n del l\u00edder opositor venezolano Juan Guaid\u00f3 en la 51 Asamblea General de la Organizaci\u00f3n de Estados Americanos (OEA) y se\u00f1alaron que el Gobierno de Nicol\u00e1s Maduro anunci\u00f3 su decisi\u00f3n de abandonar ese organismo en 2017. Durante la [&hellip;]<\/p>\n","protected":false},"author":80,"featured_media":190611,"comment_status":"closed","ping_status":"closed","sticky":false,"template":"","format":"standard","meta":{"footnotes":""},"categories":[15,36],"tags":[],"class_list":["post-190606","post","type-post","status-publish","format-standard","has-post-thumbnail","hentry","category-destacadas","category-nacion"],"_links":{"self":[{"href":"https:\/\/plazajuarez.mx\/historico\/wp-json\/wp\/v2\/posts\/190606","targetHints":{"allow":["GET"]}}],"collection":[{"href":"https:\/\/plazajuarez.mx\/historico\/wp-json\/wp\/v2\/posts"}],"about":[{"href":"https:\/\/plazajuarez.mx\/historico\/wp-json\/wp\/v2\/types\/post"}],"author":[{"embeddable":true,"href":"https:\/\/plazajuarez.mx\/historico\/wp-json\/wp\/v2\/users\/80"}],"replies":[{"embeddable":true,"href":"https:\/\/plazajuarez.mx\/historico\/wp-json\/wp\/v2\/comments?post=190606"}],"version-history":[{"count":0,"href":"https:\/\/plazajuarez.mx\/historico\/wp-json\/wp\/v2\/posts\/190606\/revisions"}],"wp:featuredmedia":[{"embeddable":true,"href":"https:\/\/plazajuarez.mx\/historico\/wp-json\/wp\/v2\/media\/190611"}],"wp:attachment":[{"href":"https:\/\/plazajuarez.mx\/historico\/wp-json\/wp\/v2\/media?parent=190606"}],"wp:term":[{"taxonomy":"category","embeddable":true,"href":"https:\/\/plazajuarez.mx\/historico\/wp-json\/wp\/v2\/categories?post=190606"},{"taxonomy":"post_tag","embeddable":true,"href":"https:\/\/plazajuarez.mx\/historico\/wp-json\/wp\/v2\/tags?post=190606"}],"curies":[{"name":"wp","href":"https:\/\/api.w.org\/{rel}","templated":true}]}}