{"id":190604,"date":"2021-11-11T14:13:59","date_gmt":"2021-11-11T20:13:59","guid":{"rendered":"https:\/\/plazajuarez.mx\/?p=190604"},"modified":"2021-11-11T14:14:11","modified_gmt":"2021-11-11T20:14:11","slug":"carmen-salinas-es-hospitalizada","status":"publish","type":"post","link":"https:\/\/plazajuarez.mx\/historico\/carmen-salinas-es-hospitalizada\/","title":{"rendered":"Carmen Salinas es hospitalizada por graves problemas de salud"},"content":{"rendered":"\n<p>(EFE) La famosa actriz, productora y pol\u00edtica mexicana Carmen Salinas, de 82 a\u00f1os, fue hospitalizada de emergencia en las \u00faltimas horas y se encuentra en terapia intensiva, seg\u00fan inform\u00f3 su sobrino Gustavo Briones a diversos medios mexicanos.<\/p>\n\n\n\n<p>&#8220;La familia Salinas les comparte que la primera actriz Carmen Salinas atraviesa por una dif\u00edcil situaci\u00f3n de salud, raz\u00f3n por la cual permanece en el \u00e1rea de terapia intensiva donde los m\u00e9dicos especialistas la atienden&#8221;, expres\u00f3 Briones por medio de un comunicado.<\/p>\n\n\n\n<p>El familiar de la tambi\u00e9n exdiputada asegur\u00f3 que mantendr\u00eda a la prensa informada del estado de salud de su t\u00eda.<\/p>\n\n\n\n<p>Posteriormente, la nieta de Salinas Carmen Plascencia detall\u00f3 que la actriz tuvo un derrame cerebral y est\u00e1 en coma, en declaraciones a medios al salir del hospital.<\/p>\n\n\n\n<p>&#8220;Actualmente mi abuelita est\u00e1 en estado de coma. Con sus \u00f3rganos funcionando de manera natural, es decir, ella est\u00e1 haciendo que funcionen. El diagn\u00f3stico es un derrame cerebral en la parte del tallo&#8221;, dijo Plascencia, e indic\u00f3 que la veterana actriz est\u00e1 con respiraci\u00f3n asistida y el diagn\u00f3stico es &#8220;delicado&#8221;.<\/p>\n\n\n\n<p>Carmen Salinas es una de las actrices m\u00e1s queridas del p\u00fablico mexicano por la gran variedad de papeles que ha interpretado a lo largo de toda su vida.<\/p>\n\n\n\n<p>Nacida en Torre\u00f3n, en el norte\u00f1o estado de Coahuila en 1939 -seg\u00fan la p\u00e1gina oficial de la C\u00e1mara de Diputados- la actriz tuvo su debut en televisi\u00f3n en la telenovela &#8220;La vecindad&#8221; (1964).<\/p>\n\n\n\n<p>Tiempo despu\u00e9s se convirti\u00f3 en un \u00edcono del llamado cine de ficheras mexicano por haber participado en filmes como &#8220;La vida in\u00fatil de Pito P\u00e9rez&#8221; (1970) o siendo el personaje de La Corcholata en &#8220;Bellas de noche&#8221; (1975).<\/p>\n\n\n\n<p>Salinas tambi\u00e9n se involucr\u00f3 en la vida pol\u00edtica al vincularse al Partido Revolucionario Institucional (PRI), del que fue diputada plurinominal del 2015 al 2018.<\/p>\n\n\n\n<p>Tras su paso en la pol\u00edtica Carmen regres\u00f3 a las telenovelas y a sus negocios en el mundo del entretenimiento, y form\u00f3 parte de trabajos como &#8220;Mi marido tiene m\u00e1s familia&#8221; (2019) de Juan Osorio y &#8220;Mi fortuna es amarte&#8221; (2021) que actualmente se transmite por Las Estrellas.<\/p>\n","protected":false},"excerpt":{"rendered":"<p>(EFE) La famosa actriz, productora y pol\u00edtica mexicana Carmen Salinas, de 82 a\u00f1os, fue hospitalizada de emergencia en las \u00faltimas horas y se encuentra en terapia intensiva, seg\u00fan inform\u00f3 su sobrino Gustavo Briones a diversos medios mexicanos. &#8220;La familia Salinas les comparte que la primera actriz Carmen Salinas atraviesa por una dif\u00edcil situaci\u00f3n de salud, [&hellip;]<\/p>\n","protected":false},"author":80,"featured_media":190608,"comment_status":"closed","ping_status":"closed","sticky":false,"template":"","format":"standard","meta":{"footnotes":""},"categories":[38],"tags":[],"class_list":["post-190604","post","type-post","status-publish","format-standard","has-post-thumbnail","hentry","category-show"],"_links":{"self":[{"href":"https:\/\/plazajuarez.mx\/historico\/wp-json\/wp\/v2\/posts\/190604","targetHints":{"allow":["GET"]}}],"collection":[{"href":"https:\/\/plazajuarez.mx\/historico\/wp-json\/wp\/v2\/posts"}],"about":[{"href":"https:\/\/plazajuarez.mx\/historico\/wp-json\/wp\/v2\/types\/post"}],"author":[{"embeddable":true,"href":"https:\/\/plazajuarez.mx\/historico\/wp-json\/wp\/v2\/users\/80"}],"replies":[{"embeddable":true,"href":"https:\/\/plazajuarez.mx\/historico\/wp-json\/wp\/v2\/comments?post=190604"}],"version-history":[{"count":0,"href":"https:\/\/plazajuarez.mx\/historico\/wp-json\/wp\/v2\/posts\/190604\/revisions"}],"wp:featuredmedia":[{"embeddable":true,"href":"https:\/\/plazajuarez.mx\/historico\/wp-json\/wp\/v2\/media\/190608"}],"wp:attachment":[{"href":"https:\/\/plazajuarez.mx\/historico\/wp-json\/wp\/v2\/media?parent=190604"}],"wp:term":[{"taxonomy":"category","embeddable":true,"href":"https:\/\/plazajuarez.mx\/historico\/wp-json\/wp\/v2\/categories?post=190604"},{"taxonomy":"post_tag","embeddable":true,"href":"https:\/\/plazajuarez.mx\/historico\/wp-json\/wp\/v2\/tags?post=190604"}],"curies":[{"name":"wp","href":"https:\/\/api.w.org\/{rel}","templated":true}]}}