{"id":190592,"date":"2021-11-11T11:34:33","date_gmt":"2021-11-11T17:34:33","guid":{"rendered":"https:\/\/plazajuarez.mx\/?p=190592"},"modified":"2021-11-11T11:34:44","modified_gmt":"2021-11-11T17:34:44","slug":"cine-de-ayer-72","status":"publish","type":"post","link":"https:\/\/plazajuarez.mx\/historico\/cine-de-ayer-72\/","title":{"rendered":"CINE DE AYER"},"content":{"rendered":"\n<h2 class=\"wp-block-heading\"><strong>Alemania de la postguerra<\/strong><\/h2>\n\n\n\n<p>Como parte de la XX Semana del Cine Alem\u00e1n que se celebra en la Cineteca Nacional y otras sedes, se ha programado una retrospectiva intitulada <em>Antes del exilio<\/em>, que incluye algunos cl\u00e1sicos ya vistos como <em>M \u201cEl Maldito\u201d <\/em>de Fritz Lang, <em>La tragedia de la mina <\/em>y <em>La \u00f3pera de los tres centavos <\/em>de G.W Pabst.<\/p>\n\n\n\n<p>En el ciclo se incluye un filme que no conoc\u00edamos, <em>Kuhle Wampe o \u00bfQui\u00e9n es el due\u00f1o del mundo? <\/em>de Slatan Dudow.<\/p>\n\n\n\n<p>Realizado en 1932, se basa en un gui\u00f3n de Bertold Brecht y Ernest Ottwald, que refleja la grave crisis por la que pasaron los alemanes luego de perder la Primera Guerra Mundial.<\/p>\n\n\n\n<p>La familia Bonike forma parte de los cuatro millones de desempleados que viven en precarias condiciones y que buscan infructuosamente trabajo.<\/p>\n\n\n\n<p>El joven Kurt (Adolf Fischer), cansado de ser una carga para la familia, se arroja desde el cuarto piso.<\/p>\n\n\n\n<p>Despu\u00e9s de ese tr\u00e1gico evento, la familia debe mudarse de su casa, pues debe seis meses de renta.<\/p>\n\n\n\n<p>Es cuando deciden mudarse a Kuhle Wampe, un barrio marginal que ha sido fundado por desocupados como Fritz (Ernst Busch), el novio de Annie (Hertha Thiele).<\/p>\n\n\n\n<p>Y aunque debe casarse pues la embaraz\u00f3, \u00e9l quiere defender su libertad.<\/p>\n\n\n\n<p>Se trata del segundo filme de este director nacido en Bulgaria, que es un valioso testimonio de la situaci\u00f3n que dio origen al nacional socialismo, que pretend\u00eda terminar con los acaparadores que quemaban caf\u00e9, para mantener los precios altos.<\/p>\n\n\n\n<p>Kuhle Wampe oder: wem geh\u00f6rt die welt? resulta, pues, un crudo testimonio de la miseria provocada por la guerra.<\/p>\n","protected":false},"excerpt":{"rendered":"<p>Alemania de la postguerra Como parte de la XX Semana del Cine Alem\u00e1n que se celebra en la Cineteca Nacional y otras sedes, se ha programado una retrospectiva intitulada Antes del exilio, que incluye algunos cl\u00e1sicos ya vistos como M \u201cEl Maldito\u201d de Fritz Lang, La tragedia de la mina y La \u00f3pera de los [&hellip;]<\/p>\n","protected":false},"author":96,"featured_media":190595,"comment_status":"closed","ping_status":"closed","sticky":false,"template":"","format":"standard","meta":{"footnotes":""},"categories":[41,54,42],"tags":[],"class_list":["post-190592","post","type-post","status-publish","format-standard","has-post-thumbnail","hentry","category-arteria-cultural","category-jorge-carrasco","category-nuestrapalabra"],"_links":{"self":[{"href":"https:\/\/plazajuarez.mx\/historico\/wp-json\/wp\/v2\/posts\/190592","targetHints":{"allow":["GET"]}}],"collection":[{"href":"https:\/\/plazajuarez.mx\/historico\/wp-json\/wp\/v2\/posts"}],"about":[{"href":"https:\/\/plazajuarez.mx\/historico\/wp-json\/wp\/v2\/types\/post"}],"author":[{"embeddable":true,"href":"https:\/\/plazajuarez.mx\/historico\/wp-json\/wp\/v2\/users\/96"}],"replies":[{"embeddable":true,"href":"https:\/\/plazajuarez.mx\/historico\/wp-json\/wp\/v2\/comments?post=190592"}],"version-history":[{"count":0,"href":"https:\/\/plazajuarez.mx\/historico\/wp-json\/wp\/v2\/posts\/190592\/revisions"}],"wp:featuredmedia":[{"embeddable":true,"href":"https:\/\/plazajuarez.mx\/historico\/wp-json\/wp\/v2\/media\/190595"}],"wp:attachment":[{"href":"https:\/\/plazajuarez.mx\/historico\/wp-json\/wp\/v2\/media?parent=190592"}],"wp:term":[{"taxonomy":"category","embeddable":true,"href":"https:\/\/plazajuarez.mx\/historico\/wp-json\/wp\/v2\/categories?post=190592"},{"taxonomy":"post_tag","embeddable":true,"href":"https:\/\/plazajuarez.mx\/historico\/wp-json\/wp\/v2\/tags?post=190592"}],"curies":[{"name":"wp","href":"https:\/\/api.w.org\/{rel}","templated":true}]}}