{"id":190585,"date":"2021-11-11T11:29:14","date_gmt":"2021-11-11T17:29:14","guid":{"rendered":"https:\/\/plazajuarez.mx\/?p=190585"},"modified":"2021-11-11T11:29:29","modified_gmt":"2021-11-11T17:29:29","slug":"va-a-proceso-por-un-despojo-cometido-en-tulancingo","status":"publish","type":"post","link":"https:\/\/plazajuarez.mx\/historico\/va-a-proceso-por-un-despojo-cometido-en-tulancingo\/","title":{"rendered":"Va a proceso por un despojo cometido en Tulancingo"},"content":{"rendered":"\n<p>Mediante investigaciones de una agente del Ministerio P\u00fablico adscrita a la Subprocuradur\u00eda de delitos de g\u00e9nero, desaparici\u00f3n de personas e impacto social, una jueza de control dict\u00f3 la vinculaci\u00f3n a proceso para una persona, por despojo agravado.<\/p>\n\n\n\n<p>Los hechos que derivaron en la investigaci\u00f3n de la persona identificada como Juli\u00e1n \u201cN\u201d, ocurrieron el 06 de mayo del 2017, en una parcela ubicada en ejido de La Lagunilla, de Tulancingo de Bravo, cuando con agresiones verbales y amenazas, la v\u00edctima fue despojada de la posesi\u00f3n de un inmueble que ocupaba con su familia.<\/p>\n\n\n\n<p>La Procuradur\u00eda General de Justicia del Estado de Hidalgo (PGJEH) tuvo conocimiento de lo sucedido a partir de que la v\u00edctima hiciera su denuncia y se iniciara la carpeta de investigaci\u00f3n.<\/p>\n\n\n\n<p>Luego de que esta representaci\u00f3n social obtuviera los datos de prueba necesarios, los present\u00f3 ante la autoridad judicial en la audiencia inicial y como resultado de la misma, la jueza de control en turno, dict\u00f3 la vinculaci\u00f3n a proceso para el probable, por despojo agravado.<\/p>\n\n\n\n<p>La autoridad judicial concedi\u00f3 un plazo de dos meses para el cierre de la investigaci\u00f3n complementaria.<\/p>\n","protected":false},"excerpt":{"rendered":"<p>Mediante investigaciones de una agente del Ministerio P\u00fablico adscrita a la Subprocuradur\u00eda de delitos de g\u00e9nero, desaparici\u00f3n de personas e impacto social, una jueza de control dict\u00f3 la vinculaci\u00f3n a proceso para una persona, por despojo agravado. Los hechos que derivaron en la investigaci\u00f3n de la persona identificada como Juli\u00e1n \u201cN\u201d, ocurrieron el 06 de [&hellip;]<\/p>\n","protected":false},"author":93,"featured_media":190590,"comment_status":"closed","ping_status":"closed","sticky":false,"template":"","format":"standard","meta":{"footnotes":""},"categories":[37],"tags":[],"class_list":["post-190585","post","type-post","status-publish","format-standard","has-post-thumbnail","hentry","category-barandilla"],"_links":{"self":[{"href":"https:\/\/plazajuarez.mx\/historico\/wp-json\/wp\/v2\/posts\/190585","targetHints":{"allow":["GET"]}}],"collection":[{"href":"https:\/\/plazajuarez.mx\/historico\/wp-json\/wp\/v2\/posts"}],"about":[{"href":"https:\/\/plazajuarez.mx\/historico\/wp-json\/wp\/v2\/types\/post"}],"author":[{"embeddable":true,"href":"https:\/\/plazajuarez.mx\/historico\/wp-json\/wp\/v2\/users\/93"}],"replies":[{"embeddable":true,"href":"https:\/\/plazajuarez.mx\/historico\/wp-json\/wp\/v2\/comments?post=190585"}],"version-history":[{"count":0,"href":"https:\/\/plazajuarez.mx\/historico\/wp-json\/wp\/v2\/posts\/190585\/revisions"}],"wp:featuredmedia":[{"embeddable":true,"href":"https:\/\/plazajuarez.mx\/historico\/wp-json\/wp\/v2\/media\/190590"}],"wp:attachment":[{"href":"https:\/\/plazajuarez.mx\/historico\/wp-json\/wp\/v2\/media?parent=190585"}],"wp:term":[{"taxonomy":"category","embeddable":true,"href":"https:\/\/plazajuarez.mx\/historico\/wp-json\/wp\/v2\/categories?post=190585"},{"taxonomy":"post_tag","embeddable":true,"href":"https:\/\/plazajuarez.mx\/historico\/wp-json\/wp\/v2\/tags?post=190585"}],"curies":[{"name":"wp","href":"https:\/\/api.w.org\/{rel}","templated":true}]}}