{"id":190577,"date":"2021-11-11T11:09:34","date_gmt":"2021-11-11T17:09:34","guid":{"rendered":"https:\/\/plazajuarez.mx\/?p=190577"},"modified":"2021-11-11T11:09:41","modified_gmt":"2021-11-11T17:09:41","slug":"checo-perez-brasil-es-otra-oportunidad-de-mejorar-para-el-equipo-y-para-mi-790","status":"publish","type":"post","link":"https:\/\/plazajuarez.mx\/historico\/checo-perez-brasil-es-otra-oportunidad-de-mejorar-para-el-equipo-y-para-mi-790\/","title":{"rendered":"&#8216;Checo&#8217; P\u00e9rez: Brasil es otra oportunidad de mejorar para el equipo y para m\u00ed (790)"},"content":{"rendered":"\n<p><strong>DATO<\/strong><\/p>\n\n\n\n<p>&nbsp;&#8216;Checo\u2019 suma 165 puntos y es cuarto en un Mundial que Verstappen comanda con 312 y medio<\/p>\n\n\n\n<p>Pie de foto: Sergio P\u00e9rez&nbsp;<\/p>\n\n\n\n<p>(EFE).- El mexicano Sergio P\u00e9rez (Red Bull), cuarto en el Mundial de F\u00f3rmula Uno, que el pasado domingo festej\u00f3 su decimoquinto podio en la categor\u00eda reina, el tercero seguido, al acabar tercero ante su afici\u00f3n en M\u00e9xico -donde su compa\u00f1ero neerland\u00e9s Max Verstappen reforz\u00f3 su liderato- declar\u00f3, con miras al Gran Premio de Brasil del pr\u00f3ximo fin de semana que \u00e9ste ser\u00e1 &#8220;una nueva oportunidad de mejorar para el equipo y para&#8221; \u00e9l.&nbsp;<\/p>\n\n\n\n<p>&#8220;Es otra oportunidad de mejorar para el equipo y para m\u00ed. Esta temporada ha evidenciado la rapidez con la que pueden cambiar las cosas, por lo que tenemos que cerciorarnos de que esos cambios s\u00f3lo sean positivos para nosotros esta semana&#8221;, coment\u00f3 &#8216;Checo&#8217;, que suma 165 puntos y es cuarto en un Mundial que Verstappen comanda con 312 y medio.<\/p>\n","protected":false},"excerpt":{"rendered":"<p>DATO &nbsp;&#8216;Checo\u2019 suma 165 puntos y es cuarto en un Mundial que Verstappen comanda con 312 y medio Pie de foto: Sergio P\u00e9rez&nbsp; (EFE).- El mexicano Sergio P\u00e9rez (Red Bull), cuarto en el Mundial de F\u00f3rmula Uno, que el pasado domingo festej\u00f3 su decimoquinto podio en la categor\u00eda reina, el tercero seguido, al acabar tercero [&hellip;]<\/p>\n","protected":false},"author":80,"featured_media":190578,"comment_status":"closed","ping_status":"closed","sticky":false,"template":"","format":"standard","meta":{"footnotes":""},"categories":[39],"tags":[],"class_list":["post-190577","post","type-post","status-publish","format-standard","has-post-thumbnail","hentry","category-deportiva"],"_links":{"self":[{"href":"https:\/\/plazajuarez.mx\/historico\/wp-json\/wp\/v2\/posts\/190577","targetHints":{"allow":["GET"]}}],"collection":[{"href":"https:\/\/plazajuarez.mx\/historico\/wp-json\/wp\/v2\/posts"}],"about":[{"href":"https:\/\/plazajuarez.mx\/historico\/wp-json\/wp\/v2\/types\/post"}],"author":[{"embeddable":true,"href":"https:\/\/plazajuarez.mx\/historico\/wp-json\/wp\/v2\/users\/80"}],"replies":[{"embeddable":true,"href":"https:\/\/plazajuarez.mx\/historico\/wp-json\/wp\/v2\/comments?post=190577"}],"version-history":[{"count":0,"href":"https:\/\/plazajuarez.mx\/historico\/wp-json\/wp\/v2\/posts\/190577\/revisions"}],"wp:featuredmedia":[{"embeddable":true,"href":"https:\/\/plazajuarez.mx\/historico\/wp-json\/wp\/v2\/media\/190578"}],"wp:attachment":[{"href":"https:\/\/plazajuarez.mx\/historico\/wp-json\/wp\/v2\/media?parent=190577"}],"wp:term":[{"taxonomy":"category","embeddable":true,"href":"https:\/\/plazajuarez.mx\/historico\/wp-json\/wp\/v2\/categories?post=190577"},{"taxonomy":"post_tag","embeddable":true,"href":"https:\/\/plazajuarez.mx\/historico\/wp-json\/wp\/v2\/tags?post=190577"}],"curies":[{"name":"wp","href":"https:\/\/api.w.org\/{rel}","templated":true}]}}