{"id":19041,"date":"2016-03-28T12:35:10","date_gmt":"2016-03-28T12:35:10","guid":{"rendered":"http:\/\/plazajuarez.mx\/index\/index.php\/2016\/03\/28\/seminario-y-cena-para-celebrar-a-un-nobel\/"},"modified":"2016-03-28T12:35:10","modified_gmt":"2016-03-28T12:35:10","slug":"seminario-y-cena-para-celebrar-a-un-nobel","status":"publish","type":"post","link":"https:\/\/plazajuarez.mx\/historico\/seminario-y-cena-para-celebrar-a-un-nobel\/","title":{"rendered":"Seminario y cena para celebrar a un Nobel"},"content":{"rendered":"<p>Entre lunes y mi\u00e9rcoles, Mario Vargas Llosa celebrar\u00e1 su cumplea\u00f1os 80 en Madrid, Espa\u00f1a, con una fiesta en la que se esperan m\u00e1s de 300 invitados entre los que estar\u00e1n seis ex presidentes, entre ellos Jos\u00e9 Mar\u00eda Aznar y Felipe Gonz\u00e1lez por Espa\u00f1a; Andr\u00e9s Pastrana y \u00c1lvaro Uribe, de Colombia; Sebasti\u00e1n Pi\u00f1era, de Chile; y Luis Alberto Lacalle de Uruguay.<\/p>\n<p>  <!--more-->  <\/p>\n<p>\u00a0<\/p>\n<p>El encuentro celebratorio en honor del Premio Nobel de Literatura 2010, cerrar\u00e1 el mi\u00e9rcoles con un di\u00e1logo que Vargas Llosa sostendr\u00e1 con Orhan Pamuk, su colega ganador del Nobel de Literatura 2006.<\/p>\n<p>Durante dos d\u00edas, en la Casa de Am\u00e9rica, de Madrid, se realizar\u00e1 el Seminario Internacional \u201cVargas llosa: cultura, ideas y libertad\u201d que organiza la Fundaci\u00f3n Internacional para la Libertad, que preside el propio Vargas Llosa. All\u00ed, ex presidentes, periodistas y fil\u00f3sofos, entre los que destacan tambi\u00e9n Fernando Savater, Javier Cercas, Carmen Riera, Yoani S\u00e1nchez, Plinio Apuleyo Mendoza, Mauricio Rojas y Alex Chafuen, debatir\u00e1n sobre el futuro de Am\u00e9rica Latina.<\/p>\n<p>El Seminario que ser\u00e1 inaugurado el martes a las 16:45 horas (horario de Espa\u00f1a) con las palabras del propio Mario Vargas Llosa, abordar\u00e1 temas como \u201cIberoam\u00e9rica: pasado, presente y futuro\u201d, \u201cDesaf\u00edos y oportunidades de la democracia en Am\u00e9rica Latina\u201d, \u201c\u00c9tica y Literatura\u201d y que cierra con \u201cUn di\u00e1logo entre Pamuk y Vargas Llosa\u201d, incluye en el marco la realizaci\u00f3n de una cena para m\u00e1s de 300 invitados.<\/p>\n<p>Cabe se\u00f1alar que la Fundaci\u00f3n Internacional para la Libertad, pretende influir en la agenda internacional a apoyar a sus institutos y fundaciones.<\/p>\n","protected":false},"excerpt":{"rendered":"<p>Entre lunes y mi\u00e9rcoles, Mario Vargas Llosa celebrar\u00e1 su cumplea\u00f1os 80 en Madrid, Espa\u00f1a, con una fiesta en la que se esperan m\u00e1s de 300 invitados entre los que estar\u00e1n seis ex presidentes, entre ellos Jos\u00e9 Mar\u00eda Aznar y Felipe Gonz\u00e1lez por Espa\u00f1a; Andr\u00e9s Pastrana y \u00c1lvaro Uribe, de Colombia; Sebasti\u00e1n Pi\u00f1era, de Chile; y [&hellip;]<\/p>\n","protected":false},"author":93,"featured_media":0,"comment_status":"open","ping_status":"open","sticky":false,"template":"","format":"standard","meta":{"footnotes":""},"categories":[41],"tags":[],"class_list":["post-19041","post","type-post","status-publish","format-standard","hentry","category-arteria-cultural"],"_links":{"self":[{"href":"https:\/\/plazajuarez.mx\/historico\/wp-json\/wp\/v2\/posts\/19041","targetHints":{"allow":["GET"]}}],"collection":[{"href":"https:\/\/plazajuarez.mx\/historico\/wp-json\/wp\/v2\/posts"}],"about":[{"href":"https:\/\/plazajuarez.mx\/historico\/wp-json\/wp\/v2\/types\/post"}],"author":[{"embeddable":true,"href":"https:\/\/plazajuarez.mx\/historico\/wp-json\/wp\/v2\/users\/93"}],"replies":[{"embeddable":true,"href":"https:\/\/plazajuarez.mx\/historico\/wp-json\/wp\/v2\/comments?post=19041"}],"version-history":[{"count":0,"href":"https:\/\/plazajuarez.mx\/historico\/wp-json\/wp\/v2\/posts\/19041\/revisions"}],"wp:attachment":[{"href":"https:\/\/plazajuarez.mx\/historico\/wp-json\/wp\/v2\/media?parent=19041"}],"wp:term":[{"taxonomy":"category","embeddable":true,"href":"https:\/\/plazajuarez.mx\/historico\/wp-json\/wp\/v2\/categories?post=19041"},{"taxonomy":"post_tag","embeddable":true,"href":"https:\/\/plazajuarez.mx\/historico\/wp-json\/wp\/v2\/tags?post=19041"}],"curies":[{"name":"wp","href":"https:\/\/api.w.org\/{rel}","templated":true}]}}