{"id":19040,"date":"2016-03-28T12:34:55","date_gmt":"2016-03-28T12:34:55","guid":{"rendered":"http:\/\/plazajuarez.mx\/index\/index.php\/2016\/03\/28\/teatro-unam-llega-a-festival-de-bogota\/"},"modified":"2016-03-28T12:34:55","modified_gmt":"2016-03-28T12:34:55","slug":"teatro-unam-llega-a-festival-de-bogota","status":"publish","type":"post","link":"https:\/\/plazajuarez.mx\/historico\/teatro-unam-llega-a-festival-de-bogota\/","title":{"rendered":"Teatro UNAM llega a Festival de Bogot\u00e1"},"content":{"rendered":"<p>Bogot\u00e1, Colombia.- La escenograf\u00eda de Gloria Carranco, un patio circular empedrado, coloreado por las hojas secas del \u00e1rbol oto\u00f1al, y el sonido melanc\u00f3lico de la arm\u00f3nica de Roberto Collado, son el principio del viaje hacia la memoria de un hombre desolado y a la relaci\u00f3n compleja entre un padre y su hija, que el director de escena mexicano Mario Espinosa propone en el montaje &#8220;Una luna para los malnacidos&#8221;, del dramaturgo estadounidense ganador del Premio Nobel, Eugene O\u00b4Neill, en la XV edici\u00f3n del Festival Iberoamericano de Teatro de Bogot\u00e1.<\/p>\n<p>  <!--more-->  <\/p>\n<p>\u00a0<\/p>\n<p>La expectativa de los bogotanos por ver el trabajo de Teatro UNAM es amplia, desde que los boletos se pusieron a la venta se agotaron.<\/p>\n<p>La obra aborda la historia de \u201cPhil Hogan\u201d (Patricio Castillo), un hombre mayor que vive en una granja con su hija \u201cJosie\u201d (Alaciel Moras), una mujer neur\u00f3tica y acomplejada por la redondez de su cuerpo, que anhela el amor del sofisticado y alcoh\u00f3lico casero \u201cJim Tyrone\u201d (David Hevia), quien, a su vez, busca el perd\u00f3n de su madre muerta.<\/p>\n<p>&#8220;Una luna para los malnacidos&#8221; fue estrenada en M\u00e9xico en 2014, ahora con miras a su reposici\u00f3n en abril en el Teatro Lucerna, se presenta en Bogot\u00e1 con parte de su elenco renovado en los papeles de \u201cJosie\u201d y \u201cJim\u201d.<\/p>\n<p>En la primera parte de la obra con una duraci\u00f3n de 160 minutos se presenta la relaci\u00f3n entre \u201cPhil\u201d y su hija, una amor filial lleno de resentimientos y acusaciones. La experiencia de Castillo, frente a la juventud de Moras, sostiene el tono dram\u00e1tico. El lenguaje local de la obra no parece estorbar al p\u00fablico bogotano, que, pese al exceso de expresiones altisonantes mexicanas (podr\u00edan pronunciarse m\u00e1s de 50 &#8220;pinches&#8221;), responde con gracia a la encarnaci\u00f3n de Castillo como un padre alcoh\u00f3lico, c\u00ednico y juguet\u00f3n.<\/p>\n<p>La fuerza del primer planteamiento de la puesta en escena se va desvaneciendo en la segunda parte, en donde se presenta la relaci\u00f3n id\u00edlica entre \u201cJosie\u201d y \u201cJim\u201d, en buena medida al poco control de Moras sobre su personaje, en sus manos \u201cJosie\u201d deja de ser una rebelde y fuerte mujer para convertirse en una berrinchuda.<\/p>\n<p>Mientras que un imponente Hevia, cuya voz grave inunda la escena, logra concentrar en su conflicto emocional, el peso de la obra.<\/p>\n<p>La Casa del Teatro Nacional, sede de varias obras mexicanas durante el festival colombiano, uno de los m\u00e1s importantes de artes esc\u00e9nicas en la regi\u00f3n, luce repleto, pero varios asistentes sucumben y abandonan el recinto. La mayor\u00eda permanece y ovaciona a la propuesta mexicana que espera su regreso a la Ciudad de M\u00e9xico.<\/p>\n<p>El Festival Iberoamericano de Teatro de Bogot\u00e1 llega este domingo a su fin y ha reunido a lo largo de 17 d\u00edas a 100 directores, 3650 actores de 32 pa\u00edses y tiene a M\u00e9xico como pa\u00eds invitado de honor.<\/p>\n","protected":false},"excerpt":{"rendered":"<p>Bogot\u00e1, Colombia.- La escenograf\u00eda de Gloria Carranco, un patio circular empedrado, coloreado por las hojas secas del \u00e1rbol oto\u00f1al, y el sonido melanc\u00f3lico de la arm\u00f3nica de Roberto Collado, son el principio del viaje hacia la memoria de un hombre desolado y a la relaci\u00f3n compleja entre un padre y su hija, que el director [&hellip;]<\/p>\n","protected":false},"author":93,"featured_media":0,"comment_status":"open","ping_status":"open","sticky":false,"template":"","format":"standard","meta":{"footnotes":""},"categories":[41],"tags":[],"class_list":["post-19040","post","type-post","status-publish","format-standard","hentry","category-arteria-cultural"],"_links":{"self":[{"href":"https:\/\/plazajuarez.mx\/historico\/wp-json\/wp\/v2\/posts\/19040","targetHints":{"allow":["GET"]}}],"collection":[{"href":"https:\/\/plazajuarez.mx\/historico\/wp-json\/wp\/v2\/posts"}],"about":[{"href":"https:\/\/plazajuarez.mx\/historico\/wp-json\/wp\/v2\/types\/post"}],"author":[{"embeddable":true,"href":"https:\/\/plazajuarez.mx\/historico\/wp-json\/wp\/v2\/users\/93"}],"replies":[{"embeddable":true,"href":"https:\/\/plazajuarez.mx\/historico\/wp-json\/wp\/v2\/comments?post=19040"}],"version-history":[{"count":0,"href":"https:\/\/plazajuarez.mx\/historico\/wp-json\/wp\/v2\/posts\/19040\/revisions"}],"wp:attachment":[{"href":"https:\/\/plazajuarez.mx\/historico\/wp-json\/wp\/v2\/media?parent=19040"}],"wp:term":[{"taxonomy":"category","embeddable":true,"href":"https:\/\/plazajuarez.mx\/historico\/wp-json\/wp\/v2\/categories?post=19040"},{"taxonomy":"post_tag","embeddable":true,"href":"https:\/\/plazajuarez.mx\/historico\/wp-json\/wp\/v2\/tags?post=19040"}],"curies":[{"name":"wp","href":"https:\/\/api.w.org\/{rel}","templated":true}]}}