{"id":190379,"date":"2021-11-10T09:18:31","date_gmt":"2021-11-10T15:18:31","guid":{"rendered":"https:\/\/plazajuarez.mx\/?p=190379"},"modified":"2021-11-10T09:18:41","modified_gmt":"2021-11-10T15:18:41","slug":"aprueban-presupuesto-de-egresos-2022-con-recorte-de-8-mil-mdp","status":"publish","type":"post","link":"https:\/\/plazajuarez.mx\/historico\/aprueban-presupuesto-de-egresos-2022-con-recorte-de-8-mil-mdp\/","title":{"rendered":"Aprueban Presupuesto de Egresos 2022, con recorte de 8 mil mdp"},"content":{"rendered":"\n<ul class=\"wp-block-list\"><li>El dictamen del PEF 2022 se discutir\u00e1 en el pleno de San L\u00e1zaro este mi\u00e9rcoles en punto de las 10:00 horas<\/li><\/ul>\n\n\n\n<p>EL UNIVERSAL<\/p>\n\n\n\n<p>La Comisi\u00f3n de Presupuesto de la C\u00e1mara de Diputados, aprob\u00f3 el Presupuesto de Egresos de la Federaci\u00f3n 2022 que recorta 8 mil 38 millones de pesos principalmente a \u00f3rganos y poderes aut\u00f3nomos, entre ellos el Instituto Nacional Electoral (INE), a la Suprema Corte de Justicia de la Naci\u00f3n (SCJN) y al Consejo de la Judicatura Federal (CJF).<\/p>\n\n\n\n<p>Se aval\u00f3 con 31 votos a favor por parte de Morena y sus aliados del PT y PVEM, as\u00ed como 24 sufragios en contra del PRI, PAN, PRD, y MC.<\/p>\n\n\n\n<p>Los reclamos por la reasignaci\u00f3n de los recursos fue el com\u00fan denominador en el debate que inici\u00f3 en punto de las 15:00 horas. El legislador priista Francisco Yunes Zorrilla denunci\u00f3 que los m\u00e1s de 8 mil millones que le quitaron a los aut\u00f3nomos, \u201cno responde a las propuestas que hicimos algunas bancadas, ni a las opiniones de las comisiones, ni a las recomendaciones de los expertos en los parlamentos abiertos\u201d.<\/p>\n\n\n\n<p>El PEF 2022 contempla un gasto total de 7 billones 88 mil millones de pesos para 2022. El proyecto original sufri\u00f3 una modificaci\u00f3n de 8 mil 38 millones de pesos, de los cuales 4 mil 913 millones se recortan al INE, 2 mil 935 millones al CJF, 65 millones a la SCJN, y 125 millones a la C\u00e1mara de Diputados.<\/p>\n\n\n\n<p>Dichos recursos ser\u00e1n reasignados a las Secretar\u00edas de Agricultura (2, 700 mdp), del Bienestar (2, 457 mdp), Salud (1, 580 mdp), de Relaciones Exteriores (560 mdp), del Trabajo (500 mdp), de Educaci\u00f3n P\u00fablica (116 mdp), y la C\u00e1mara de Senadores (125 mdp).<\/p>\n\n\n\n<p>Al respecto, H\u00e9ctor Sa\u00fal T\u00e9llez, diputado del PAN calific\u00f3 de \u201caberrante\u201d y \u201cfrancamente peligroso\u201d el recorte al INE.<\/p>\n\n\n\n<p>\u201cTal parece es una venganza pol\u00edtica de los resultados de la pasada comparecencia, ustedes promovieron una revocaci\u00f3n de mandato y est\u00e1n quitando recursos que ser\u00edan precisamente para atender esa consulta\u201d, reclam\u00f3.<\/p>\n\n\n\n<p>Mirza Flores, de MC, dijo que tampoco hubo incrementos para la prevenci\u00f3n de la violencia, salud sexual y reproductiva ni dinero para refugios, mientras que la priista Cynthia L\u00f3pez denunci\u00f3 que el PEF 2022 castiga a la educaci\u00f3n superior y a las escuelas de tiempo completo.<\/p>\n\n\n\n<p>A favor del proyecto, la morenista Ana Elizabeth Ayala, asegur\u00f3 que el PEF 2022 es congruente con el proyecto de la Cuarta Transformaci\u00f3n, pues \u201cla reasignaci\u00f3n permitir\u00e1 beneficiar a los sectores m\u00e1s vulnerables\u201d.<\/p>\n\n\n\n<p>En tanto, Benjam\u00edn Robles, del Partido del Trabajo adelant\u00f3 que en el debate en el pleno las propuestas de la oposici\u00f3n no van a pasar.&nbsp;<\/p>\n\n\n\n<p>CITA: El PEF 2022 contempla un gasto total de 7 billones 88 mil millones de pesos para 2022<\/p>\n","protected":false},"excerpt":{"rendered":"<p>El dictamen del PEF 2022 se discutir\u00e1 en el pleno de San L\u00e1zaro este mi\u00e9rcoles en punto de las 10:00 horas EL UNIVERSAL La Comisi\u00f3n de Presupuesto de la C\u00e1mara de Diputados, aprob\u00f3 el Presupuesto de Egresos de la Federaci\u00f3n 2022 que recorta 8 mil 38 millones de pesos principalmente a \u00f3rganos y poderes aut\u00f3nomos, [&hellip;]<\/p>\n","protected":false},"author":81,"featured_media":190380,"comment_status":"closed","ping_status":"closed","sticky":false,"template":"","format":"standard","meta":{"footnotes":""},"categories":[36],"tags":[],"class_list":["post-190379","post","type-post","status-publish","format-standard","has-post-thumbnail","hentry","category-nacion"],"_links":{"self":[{"href":"https:\/\/plazajuarez.mx\/historico\/wp-json\/wp\/v2\/posts\/190379","targetHints":{"allow":["GET"]}}],"collection":[{"href":"https:\/\/plazajuarez.mx\/historico\/wp-json\/wp\/v2\/posts"}],"about":[{"href":"https:\/\/plazajuarez.mx\/historico\/wp-json\/wp\/v2\/types\/post"}],"author":[{"embeddable":true,"href":"https:\/\/plazajuarez.mx\/historico\/wp-json\/wp\/v2\/users\/81"}],"replies":[{"embeddable":true,"href":"https:\/\/plazajuarez.mx\/historico\/wp-json\/wp\/v2\/comments?post=190379"}],"version-history":[{"count":0,"href":"https:\/\/plazajuarez.mx\/historico\/wp-json\/wp\/v2\/posts\/190379\/revisions"}],"wp:featuredmedia":[{"embeddable":true,"href":"https:\/\/plazajuarez.mx\/historico\/wp-json\/wp\/v2\/media\/190380"}],"wp:attachment":[{"href":"https:\/\/plazajuarez.mx\/historico\/wp-json\/wp\/v2\/media?parent=190379"}],"wp:term":[{"taxonomy":"category","embeddable":true,"href":"https:\/\/plazajuarez.mx\/historico\/wp-json\/wp\/v2\/categories?post=190379"},{"taxonomy":"post_tag","embeddable":true,"href":"https:\/\/plazajuarez.mx\/historico\/wp-json\/wp\/v2\/tags?post=190379"}],"curies":[{"name":"wp","href":"https:\/\/api.w.org\/{rel}","templated":true}]}}