{"id":190038,"date":"2021-11-08T08:07:15","date_gmt":"2021-11-08T14:07:15","guid":{"rendered":"https:\/\/plazajuarez.mx\/?p=190038"},"modified":"2021-11-08T08:07:30","modified_gmt":"2021-11-08T14:07:30","slug":"compromete-fayad-acciones-contra-el-cambio-climatico","status":"publish","type":"post","link":"https:\/\/plazajuarez.mx\/historico\/compromete-fayad-acciones-contra-el-cambio-climatico\/","title":{"rendered":"Compromete Fayad acciones contra el cambio clim\u00e1tico"},"content":{"rendered":"\n<p>En el marco de la Conferencia de las Naciones Unidas sobre el Cambio Clim\u00e1tico COP26, el esfuerzo m\u00e1s importante a nivel internacional en la materia desarrollado en Glasgow, y donde participan mandatarios, organizaciones no gubernamentales y l\u00edderes de todo el mundo; el Gobernador Omar Fayad fue reconocido por los esfuerzos realizados en materia de educaci\u00f3n ambiental.<\/p>\n\n\n\n<p>En l\u00ednea con la visi\u00f3n en materia de Educaci\u00f3n Ambiental, expresada por la subsecretaria de Asuntos multilaterales de la Secretar\u00eda de Relaciones Exteriores, Martha Delgado, el Gobernador comparti\u00f3 la experiencia y resultados del programa Escuelas por la Tierra, impulsado por la Fundaci\u00f3n Educa y Educaci\u00f3n Ambiental&nbsp; Mundial, en donde el estado de Hidalgo obtuvo el primer lugar en M\u00e9xico por las m\u00e1s de 800 escuelas inscritas, lo que equivale al 25% de todas las que participaron en M\u00e9xico y que fue 1.6 veces mayor al total de escuelas inscritas en los pa\u00edses de Latinoam\u00e9rica, excluyendo M\u00e9xico.<\/p>\n\n\n\n<p>El foro ten\u00eda como objetivo compartir acciones concretas, programas educativos y pol\u00edticas p\u00fablicas enfocadas a lograr una educaci\u00f3n ambiental para la sostenibilidad, participaron varias voces de la sociedad civil y autoridades, quienes compartieron diferentes enfoques sobre c\u00f3mo incorporar la educaci\u00f3n en el cambio clim\u00e1tico como parte del contenido educativo en los diferentes niveles.&nbsp;<\/p>\n\n\n\n<p>Asimismo, en el marco de la COP26, el Gobernador Fayad anunci\u00f3 5 compromisos en materia de cambio clim\u00e1tico: 1) en 7 a\u00f1os debemos resarcir al 100% la deforestaci\u00f3n de Hidalgo; 2) en 10 a\u00f1os debemos ser el principal productor de veh\u00edculos el\u00e9ctricos en Am\u00e9rica Latina; 3) en 10 a\u00f1os nuestro transporte p\u00fablico masivo deber\u00e1 ser sustentable; 4) en 20 a\u00f1os debemos resarcir el pasivo ambiental de Tula y 5) en 20 a\u00f1os deberemos recuperar los acu\u00edferos del estado.<\/p>\n","protected":false},"excerpt":{"rendered":"<p>En el marco de la Conferencia de las Naciones Unidas sobre el Cambio Clim\u00e1tico COP26, el esfuerzo m\u00e1s importante a nivel internacional en la materia desarrollado en Glasgow, y donde participan mandatarios, organizaciones no gubernamentales y l\u00edderes de todo el mundo; el Gobernador Omar Fayad fue reconocido por los esfuerzos realizados en materia de educaci\u00f3n [&hellip;]<\/p>\n","protected":false},"author":93,"featured_media":190039,"comment_status":"closed","ping_status":"closed","sticky":false,"template":"","format":"standard","meta":{"footnotes":""},"categories":[59,2159],"tags":[],"class_list":["post-190038","post","type-post","status-publish","format-standard","has-post-thumbnail","hentry","category-general","category-noticias-de-hidalgo"],"_links":{"self":[{"href":"https:\/\/plazajuarez.mx\/historico\/wp-json\/wp\/v2\/posts\/190038","targetHints":{"allow":["GET"]}}],"collection":[{"href":"https:\/\/plazajuarez.mx\/historico\/wp-json\/wp\/v2\/posts"}],"about":[{"href":"https:\/\/plazajuarez.mx\/historico\/wp-json\/wp\/v2\/types\/post"}],"author":[{"embeddable":true,"href":"https:\/\/plazajuarez.mx\/historico\/wp-json\/wp\/v2\/users\/93"}],"replies":[{"embeddable":true,"href":"https:\/\/plazajuarez.mx\/historico\/wp-json\/wp\/v2\/comments?post=190038"}],"version-history":[{"count":0,"href":"https:\/\/plazajuarez.mx\/historico\/wp-json\/wp\/v2\/posts\/190038\/revisions"}],"wp:featuredmedia":[{"embeddable":true,"href":"https:\/\/plazajuarez.mx\/historico\/wp-json\/wp\/v2\/media\/190039"}],"wp:attachment":[{"href":"https:\/\/plazajuarez.mx\/historico\/wp-json\/wp\/v2\/media?parent=190038"}],"wp:term":[{"taxonomy":"category","embeddable":true,"href":"https:\/\/plazajuarez.mx\/historico\/wp-json\/wp\/v2\/categories?post=190038"},{"taxonomy":"post_tag","embeddable":true,"href":"https:\/\/plazajuarez.mx\/historico\/wp-json\/wp\/v2\/tags?post=190038"}],"curies":[{"name":"wp","href":"https:\/\/api.w.org\/{rel}","templated":true}]}}