{"id":190036,"date":"2021-11-08T08:05:16","date_gmt":"2021-11-08T14:05:16","guid":{"rendered":"https:\/\/plazajuarez.mx\/?p=190036"},"modified":"2021-11-08T08:05:27","modified_gmt":"2021-11-08T14:05:27","slug":"dese-por-enterado-930","status":"publish","type":"post","link":"https:\/\/plazajuarez.mx\/historico\/dese-por-enterado-930\/","title":{"rendered":"DESE POR ENTERADO"},"content":{"rendered":"\n<p><\/p>\n\n\n\n<p><strong>MORENA, O SE UNEN, O VAN A PERDER. &#8211;<\/strong> La simple posibilidad de que un partido que no sea el PRI, gane los comicios para gobernador del a\u00f1o pr\u00f3ximo, ha desencadenado una verdadera guerra interna en el partido del presidente de la Rep\u00fablica, que por principio de cuentas busca establecer que una encuesta no sea garant\u00eda de nada en la selecci\u00f3n de quien ser\u00e1 su candidato. Est\u00e1 claro que tienen raz\u00f3n en exigir un proceso m\u00e1s democr\u00e1tico, que eval\u00fae trayectoria, compromiso social, etc\u00e9tera, etc\u00e9tera. De militancia probada mejor ni hablamos, porque ni los que protestan tienen una militancia real en Morena, de tal modo que pareciera que se trata de una lucha de las \u201ctribus\u201d que S\u00cd existen al interior de dicho partido, donde cada quien jala para su santo, sin importar que fomentar la divisi\u00f3n morenista es ponerse de a pechito para que gane el Revolucionario Institucional. Si no se dan cuenta es que est\u00e1n ciegos, o cegados por la ira y el resentimiento.<\/p>\n\n\n\n<p>***<\/p>\n\n\n\n<p><strong>Y CON USTEDES: \u00a1DON RUFINO! &#8211;<\/strong> De plano que es imposible no sospechar que alguien o algunos son los autores de la Estrategia: \u201cJulio no llega para septiembre\u201d, para lo cual han echado mano de lo que se les ponga enfrente. Porque de otro modo no entendemos c\u00f3mo es posible que una de las m\u00faltiples Tribus Morenistas, haya decidido que era una genialidad anunciar que don Rufino H. Le\u00f3n Tovar, quien por cierto solo vino a hacer puros desfiguros en eso de que iba a reorganizar el transporte hidalguense, se sume a la largu\u00edsima lista de supuestos aspirantes a la candidatura para gobernador. A ese paso no dude usted que el cantante se declare en huelga de hambre por adelantado si no es nominado, o bien don Charrez haga lo mismo. En fin.<\/p>\n\n\n\n<p>***<\/p>\n\n\n\n<p><strong>VIGGIANO Y F\u00c9LIX, FINAL DE PEL\u00cdCULA.-<\/strong> Luego que muchos aseguraron que el alcalde de Mineral de la Reforma, Israel F\u00e9lix, de plano buscar\u00eda la candidatura por un partido que no fuera el PRI, resulta que siempre no, que nom\u00e1s fue una \u201ctestereada\u201d (como dice nuestro bien amado presidente). Aunque parec\u00eda que el camino estaba abierto para la nominaci\u00f3n de la diputada federal, Carolina Viggiano, resulta que tendremos que esperar un final de pel\u00edcula. Lo cierto es que en hechos concretos y reales, y bajo la certeza de que la opini\u00f3n del gobernador Fayad es fundamental, la de Tepehuac\u00e1n pareciera que ya dialog\u00f3 con el mandatario hidalguense, limaron asperezas, y el PRI va rumbo a una candidatura de unidad. Veremos.<\/p>\n\n\n\n<p>***<\/p>\n\n\n\n<p><strong>BIEN EN PACHUCA, VAN POR LA REHABILITACI\u00d3N DE CICLOV\u00cdAS.<\/strong> &#8211; El alcalde de la capital, Sergio Ba\u00f1os, anunci\u00f3 que las ciclov\u00edas construidas en el gobierno de Eleazar Garc\u00eda, ser\u00e1n rehabilitadas. Buena noticia, que debiera adem\u00e1s incluir la rehabilitaci\u00f3n de fuentes, porque si algo molesta la ciudadan\u00eda es que al arranque de una nueva administraci\u00f3n, casi por consigna, se dejen en el abandono las obras de sus antecesores. Cheque usted: una fuente en el bulevar Bonfil, que luc\u00eda y bien, no recibi\u00f3 ning\u00fan trabajo de conservaci\u00f3n cuando el asunto era simplemente cambiar unas tiras de leds, pintura y ya. Pero como gobernaba el PAN, luego entonces se dej\u00f3 en el abandono. Lo mismo con las ciclov\u00edas. Como que ya es tiempo que se impulse una ley que obligue a las autoridades municipales, cualquiera que sea su militancia pol\u00edtica, a destinar recursos para conservar lo que se hizo bien en el gobierno que le antecedi\u00f3. Por lo mientras, muy bien por el alcalde capitalino.<\/p>\n\n\n\n<p>***<\/p>\n\n\n\n<p><strong>Aviso para que no digan: Esta columna se nutre de comentarios recabados por agencias del Recontra-Espionaje, muy similares a las que populariz\u00f3 el \u201cS\u00faper Agente 86\u201d en sus tiempos. Como tal lo que publicamos puede que sea cierto, puede que no, o todo lo contrario. Est\u00e1 usted en libertad de creer o no lo que lee, recontra-enojarse, recontra- carcajearse y hasta recontra-recordarnos a nuestra jefecita (nosotros recontra-haremos lo propio). Avisado est\u00e1 usted.&nbsp;<\/strong><\/p>\n\n\n\n<p><strong>desexenterado@gmail.com @desexenterado&nbsp;<\/strong><\/p>\n","protected":false},"excerpt":{"rendered":"<p>MORENA, O SE UNEN, O VAN A PERDER. &#8211; La simple posibilidad de que un partido que no sea el PRI, gane los comicios para gobernador del a\u00f1o pr\u00f3ximo, ha desencadenado una verdadera guerra interna en el partido del presidente de la Rep\u00fablica, que por principio de cuentas busca establecer que una encuesta no sea [&hellip;]<\/p>\n","protected":false},"author":93,"featured_media":182945,"comment_status":"closed","ping_status":"closed","sticky":false,"template":"","format":"standard","meta":{"footnotes":""},"categories":[83],"tags":[],"class_list":["post-190036","post","type-post","status-publish","format-standard","has-post-thumbnail","hentry","category-dese-por-enterado"],"_links":{"self":[{"href":"https:\/\/plazajuarez.mx\/historico\/wp-json\/wp\/v2\/posts\/190036","targetHints":{"allow":["GET"]}}],"collection":[{"href":"https:\/\/plazajuarez.mx\/historico\/wp-json\/wp\/v2\/posts"}],"about":[{"href":"https:\/\/plazajuarez.mx\/historico\/wp-json\/wp\/v2\/types\/post"}],"author":[{"embeddable":true,"href":"https:\/\/plazajuarez.mx\/historico\/wp-json\/wp\/v2\/users\/93"}],"replies":[{"embeddable":true,"href":"https:\/\/plazajuarez.mx\/historico\/wp-json\/wp\/v2\/comments?post=190036"}],"version-history":[{"count":0,"href":"https:\/\/plazajuarez.mx\/historico\/wp-json\/wp\/v2\/posts\/190036\/revisions"}],"wp:featuredmedia":[{"embeddable":true,"href":"https:\/\/plazajuarez.mx\/historico\/wp-json\/wp\/v2\/media\/182945"}],"wp:attachment":[{"href":"https:\/\/plazajuarez.mx\/historico\/wp-json\/wp\/v2\/media?parent=190036"}],"wp:term":[{"taxonomy":"category","embeddable":true,"href":"https:\/\/plazajuarez.mx\/historico\/wp-json\/wp\/v2\/categories?post=190036"},{"taxonomy":"post_tag","embeddable":true,"href":"https:\/\/plazajuarez.mx\/historico\/wp-json\/wp\/v2\/tags?post=190036"}],"curies":[{"name":"wp","href":"https:\/\/api.w.org\/{rel}","templated":true}]}}