{"id":190033,"date":"2021-11-08T08:03:42","date_gmt":"2021-11-08T14:03:42","guid":{"rendered":"https:\/\/plazajuarez.mx\/?p=190033"},"modified":"2021-11-08T08:03:53","modified_gmt":"2021-11-08T14:03:53","slug":"alfil-negro-2196","status":"publish","type":"post","link":"https:\/\/plazajuarez.mx\/historico\/alfil-negro-2196\/","title":{"rendered":"ALFIL NEGRO"},"content":{"rendered":"\n<p><\/p>\n\n\n\n<h2 class=\"wp-block-heading\"><strong>\u00bfPARCHECITOS O RESPUESTAS A FONDO?<\/strong><\/h2>\n\n\n\n<p><\/p>\n\n\n\n<p>El Presidente L\u00f3pez Obrador estuvo en Tula, particularmente en la Universidad Tecnol\u00f3gica Tula-Tepeji, para encabezar una reuni\u00f3n con el gobernador Omar Fayad, alcaldes de los municipios afectados por las Inundaciones del 6 y 7 de Septiembre que dejaron miles de damnificados y por desgracia 17 fallecidos en el hospital del IMSS, con da\u00f1os muy serios en casas habitaci\u00f3n, negocios y en la infraestructura sobre todo de Tula y tambi\u00e9n presentes en la reuni\u00f3n funcionarios federales y estatales.<\/p>\n\n\n\n<p>Ni el municipio de Tula, ni el gobierno estatal tienen reales posibilidades de enfrentar a fondo todos los da\u00f1os, por una raz\u00f3n elemental que es la carencia de dinero, sobre todo por la pandemia que oblig\u00f3 a gastos extraordinarios para hacerle frente y un recorte por m\u00e1s de 2,500 millones de pesos que sufri\u00f3 la entidad en su presupuesto para el 2021 y que los&nbsp; diputados&nbsp; de Morena&nbsp; aprobaron sin meter las manos por Hidalgo.<\/p>\n\n\n\n<p>El Presidente anunci\u00f3 una inversi\u00f3n de 2 mil millones de pesos para atender los efectos de las inundaciones que contempla entre otras cosas: un nuevo hospital de zona n\u00famero 5 del IMSS, atenci\u00f3n a v\u00edas de comunicaci\u00f3n, apoyo en dinero a los afectados y atenci\u00f3n a las viviendas da\u00f1adas y un rengl\u00f3n muy importante que tiene que ver con acciones para el aspecto hidr\u00e1ulico que es la ra\u00edz de todo este problema, y que de no atenderse de manera total abrir\u00eda las puertas para otras inundaciones como las de septiembre.<\/p>\n\n\n\n<p>Esto supondr\u00eda la rectificaci\u00f3n del r\u00edo Tula en varios kil\u00f3metros, de lo que se encargar\u00edan la Conagua y la Marina, as\u00ed como la revisi\u00f3n del censo de viviendas para rehabilitar tambi\u00e9n las no contempladas.<\/p>\n\n\n\n<p>Se considera&nbsp; tambi\u00e9n la entrega de enseres dom\u00e9sticos.<\/p>\n\n\n\n<p>Sin embargo hubo mucha inconformidad porque los apoyos econ\u00f3micos de 10 mil pesos que se entregaron fueron considerados insuficientes.<\/p>\n\n\n\n<p>Para muchos los apoyos que se contemplan en el programa que se dio a conocer, no responden a los da\u00f1os provocados por las inundaciones y se pueden considerar un&nbsp; parchecito que no resuelven de fondo el problema.<\/p>\n\n\n\n<p>Hay desconfianza, pero tambi\u00e9n conformidad, pues no es lo mismo recibir algo que nada.<\/p>\n\n\n\n<p><strong>El tiempo dir\u00e1 que tanto se enfrent\u00f3 el problema con visi\u00f3n de futuro.<\/strong><\/p>\n","protected":false},"excerpt":{"rendered":"<p>\u00bfPARCHECITOS O RESPUESTAS A FONDO? El Presidente L\u00f3pez Obrador estuvo en Tula, particularmente en la Universidad Tecnol\u00f3gica Tula-Tepeji, para encabezar una reuni\u00f3n con el gobernador Omar Fayad, alcaldes de los municipios afectados por las Inundaciones del 6 y 7 de Septiembre que dejaron miles de damnificados y por desgracia 17 fallecidos en el hospital del [&hellip;]<\/p>\n","protected":false},"author":83,"featured_media":0,"comment_status":"closed","ping_status":"closed","sticky":false,"template":"","format":"standard","meta":{"footnotes":""},"categories":[48,42],"tags":[],"class_list":["post-190033","post","type-post","status-publish","format-standard","hentry","category-adalberto-peralta","category-nuestrapalabra"],"_links":{"self":[{"href":"https:\/\/plazajuarez.mx\/historico\/wp-json\/wp\/v2\/posts\/190033","targetHints":{"allow":["GET"]}}],"collection":[{"href":"https:\/\/plazajuarez.mx\/historico\/wp-json\/wp\/v2\/posts"}],"about":[{"href":"https:\/\/plazajuarez.mx\/historico\/wp-json\/wp\/v2\/types\/post"}],"author":[{"embeddable":true,"href":"https:\/\/plazajuarez.mx\/historico\/wp-json\/wp\/v2\/users\/83"}],"replies":[{"embeddable":true,"href":"https:\/\/plazajuarez.mx\/historico\/wp-json\/wp\/v2\/comments?post=190033"}],"version-history":[{"count":0,"href":"https:\/\/plazajuarez.mx\/historico\/wp-json\/wp\/v2\/posts\/190033\/revisions"}],"wp:attachment":[{"href":"https:\/\/plazajuarez.mx\/historico\/wp-json\/wp\/v2\/media?parent=190033"}],"wp:term":[{"taxonomy":"category","embeddable":true,"href":"https:\/\/plazajuarez.mx\/historico\/wp-json\/wp\/v2\/categories?post=190033"},{"taxonomy":"post_tag","embeddable":true,"href":"https:\/\/plazajuarez.mx\/historico\/wp-json\/wp\/v2\/tags?post=190033"}],"curies":[{"name":"wp","href":"https:\/\/api.w.org\/{rel}","templated":true}]}}