{"id":190027,"date":"2021-11-08T07:59:35","date_gmt":"2021-11-08T13:59:35","guid":{"rendered":"https:\/\/plazajuarez.mx\/?p=190027"},"modified":"2021-11-08T11:42:33","modified_gmt":"2021-11-08T17:42:33","slug":"retratos-hablados-1109","status":"publish","type":"post","link":"https:\/\/plazajuarez.mx\/historico\/retratos-hablados-1109\/","title":{"rendered":"RETRATOS HABLADOS"},"content":{"rendered":"\n<p><\/p>\n\n\n\n<h2 class=\"wp-block-heading\">Este mismo mes, Morena tendr\u00e1 candidato<\/h2>\n\n\n\n<p><\/p>\n\n\n\n<p>Ser\u00e1 en el transcurso del presente mes, cuando Morena lleve a cabo la encuesta para elegir su candidato al gobierno de Hidalgo.&nbsp;<\/p>\n\n\n\n<p>Cuando se daba por hecho que en diciembre, la primera semana, ser\u00eda la fecha para conocer el nombre del abanderado morenista a la primera magistratura estatal, fue confirmado que la semana pr\u00f3xima una casa encuestadora de prestigio nacional, aplicar\u00e1 el cuestionario a la militancia del partido presidencial, para medir no solo popularidad, sino logros de cada uno de los que se han mencionado de manera insistente para alcanzar la nominaci\u00f3n.<\/p>\n\n\n\n<p>Es decir que se calificar\u00e1 trayectoria p\u00fablica, pol\u00edtica y profesional. No se trata de un concurso de simpat\u00eda o popularidad, porque esos dos aspectos son importantes para cuestiones relacionadas con el mundo del espect\u00e1culo, no para algo tan serio y vital como es la postulaci\u00f3n de quien buscar\u00e1 gobernar el estado de Hidalgo.<\/p>\n\n\n\n<p>De tal modo que ser\u00e1 entre el 25 y 30 del presente mes cuando se anuncie de manera formal el resultado de la encuesta anotada.<\/p>\n\n\n\n<p>Por el momento se mantiene la tendencia a favor del senador <strong>Julio Menchaca<\/strong>, y de valorarse trayectoria, resultados o logros obtenidos en cada una de sus responsabilidades como funcionario p\u00fablico o representante popular, que como se ha insistido se har\u00e1, es casi un hecho que simplemente sea confirmada su postulaci\u00f3n como candidato de Morena al gobierno del Estado.<\/p>\n\n\n\n<p>Mientras tanto en el Revolucionario Institucional se aprestan para renovar su dirigencia local, que tendr\u00e1 como principal responsabilidad lograr una candidatura de unidad para los comicios del a\u00f1o pr\u00f3ximo.<\/p>\n\n\n\n<p>Tarea nada f\u00e1cil si los acuerdos que ya se daban por hecho hasta hace algunos d\u00edas, se rompen y empiezan desde cero. Persiste la versi\u00f3n de que la diputada federal, <strong>Carolina Viggiano<\/strong>, habr\u00eda logrado los consensos necesarios para que finalmente sea nominada por el PRI y partidos que lo acompa\u00f1en.&nbsp;<\/p>\n\n\n\n<p>De mantenerse el cronograma inicial, ser\u00e1 para febrero del 2022 cuando anuncien la candidatura final, aunque por el avance que ya hay en Morena, con toda seguridad adelantar\u00e1n fechas.<\/p>\n\n\n\n<p>Mil gracias, hasta ma\u00f1ana.<\/p>\n\n\n\n<p><a href=\"mailto:jeperalta@plazajuarez.mx\/historico\/historico\">jeperalta@plazajuarez.mx\/historico\/historico<\/a><\/p>\n\n\n\n<p>@JavierEPeralta<\/p>\n","protected":false},"excerpt":{"rendered":"<p>Este mismo mes, Morena tendr\u00e1 candidato Ser\u00e1 en el transcurso del presente mes, cuando Morena lleve a cabo la encuesta para elegir su candidato al gobierno de Hidalgo.&nbsp; Cuando se daba por hecho que en diciembre, la primera semana, ser\u00eda la fecha para conocer el nombre del abanderado morenista a la primera magistratura estatal, fue [&hellip;]<\/p>\n","protected":false},"author":10,"featured_media":0,"comment_status":"closed","ping_status":"closed","sticky":false,"template":"","format":"standard","meta":{"footnotes":""},"categories":[49,42],"tags":[],"class_list":["post-190027","post","type-post","status-publish","format-standard","hentry","category-javier-peralta","category-nuestrapalabra"],"_links":{"self":[{"href":"https:\/\/plazajuarez.mx\/historico\/wp-json\/wp\/v2\/posts\/190027","targetHints":{"allow":["GET"]}}],"collection":[{"href":"https:\/\/plazajuarez.mx\/historico\/wp-json\/wp\/v2\/posts"}],"about":[{"href":"https:\/\/plazajuarez.mx\/historico\/wp-json\/wp\/v2\/types\/post"}],"author":[{"embeddable":true,"href":"https:\/\/plazajuarez.mx\/historico\/wp-json\/wp\/v2\/users\/10"}],"replies":[{"embeddable":true,"href":"https:\/\/plazajuarez.mx\/historico\/wp-json\/wp\/v2\/comments?post=190027"}],"version-history":[{"count":0,"href":"https:\/\/plazajuarez.mx\/historico\/wp-json\/wp\/v2\/posts\/190027\/revisions"}],"wp:attachment":[{"href":"https:\/\/plazajuarez.mx\/historico\/wp-json\/wp\/v2\/media?parent=190027"}],"wp:term":[{"taxonomy":"category","embeddable":true,"href":"https:\/\/plazajuarez.mx\/historico\/wp-json\/wp\/v2\/categories?post=190027"},{"taxonomy":"post_tag","embeddable":true,"href":"https:\/\/plazajuarez.mx\/historico\/wp-json\/wp\/v2\/tags?post=190027"}],"curies":[{"name":"wp","href":"https:\/\/api.w.org\/{rel}","templated":true}]}}