{"id":1890,"date":"2015-03-07T06:00:00","date_gmt":"2015-03-07T06:00:00","guid":{"rendered":"http:\/\/plazajuarez.mx\/index\/index.php\/2015\/03\/07\/segundo-selectivo-de-tiro-con-arco-rumbo-a-la-olimpiada-nacional\/"},"modified":"2015-03-07T06:00:00","modified_gmt":"2015-03-07T06:00:00","slug":"segundo-selectivo-de-tiro-con-arco-rumbo-a-la-olimpiada-nacional","status":"publish","type":"post","link":"https:\/\/plazajuarez.mx\/historico\/segundo-selectivo-de-tiro-con-arco-rumbo-a-la-olimpiada-nacional\/","title":{"rendered":"Segundo selectivo de tiro con arco\u2026 rumbo a la Olimpiada Nacional"},"content":{"rendered":"<p><span style=\"font-family: verdana,geneva; font-size: 10pt;\"><strong>Tulancingo<\/strong><\/span><\/p>\n<p><strong><span style=\"font-family: verdana,geneva; font-size: 10pt;\">Por primera vez, Tulancingo y concretamente la cancha n\u00famero 1 de la \u00a0 Unidad Deportiva \u201cJavier Rojo G\u00f3mez\u201d, albergar\u00e1 un evento selectivo de primera talla vinculado a Tiro con Arco.<\/span><\/strong><\/p>\n<p>  <!--more-->  <\/p>\n<p>\u00a0<\/p>\n<p><span style=\"font-family: verdana,geneva; font-size: 10pt;\">Dicho selectivo ser\u00e1 el s\u00e1bado 14 de Marzo, iniciando a las 8:00 horas, para culminar a las 17:00 horas.<\/span><\/p>\n<p><span style=\"font-family: verdana,geneva; font-size: 10pt;\">Se prev\u00e9 que 100 arqueros, de diversos puntos del pa\u00eds, est\u00e9n presentes en Tulancingo; entre ellos seleccionados nacionales como Brenda Merino y Pablo Mel\u00edn, adem\u00e1s de representantes de UNAM; Quer\u00e9taro; Polit\u00e9cnico Nacional; Durango; Estado de M\u00e9xico e Hidalgo.<\/span><\/p>\n<p><span style=\"font-family: verdana,geneva; font-size: 10pt;\">Los arqueros cubrir\u00e1n distancias desde 20 y hasta 90 metros, a fin de\u00a0\u00a0 obtener los m\u00e1ximos puntajes que les permitan calificar a la Olimpiada Nacional; evento que este a\u00f1o tendr\u00e1 como estado anfitri\u00f3n a Nuevo Le\u00f3n.<\/span><\/p>\n<p><span style=\"font-family: verdana,geneva; font-size: 10pt;\">El selectivo que albergar\u00e1 Tulancingo responde al trabajo realizado durante tres a\u00f1os consecutivos; tras conformarse la primera escuela municipal de Tiro con Arco de Tulancingo, que dirige la profesora, Lorelys Lorenzo.<\/span><\/p>\n<p><span style=\"font-family: verdana,geneva; font-size: 10pt;\">A trav\u00e9s de la operatividad de esta escuela y el respaldo del alcalde, Julio Soto, ni\u00f1os de Tulancingo ya han trascendido a competencias nacionales.<\/span><\/p>\n<p><span style=\"font-family: verdana,geneva; font-size: 10pt;\">En este sentido, 15 ni\u00f1os tulancinguenses ser\u00e1n representantes del municipio en este segundo control selectivo (en b\u00fasqueda de puntos); entre estos nuevos talentos destacan: Evana Hern\u00e1ndez Ruiz; Andr\u00e9s del Villar Garc\u00eda; Rodrigo P\u00e9rez G\u00f3mez; Rabith Valdespino Bravo, por citar a algunos de estos campeones.<\/span><\/p>\n<p><span style=\"font-family: verdana,geneva; font-size: 10pt;\">Cabe mencionar que esta fase de filtros selectivos a Olimpiada Nacional inici\u00f3 a principios de febrero en Pachuca Hidalgo.<\/span><\/p>\n<p><span style=\"font-family: verdana,geneva; font-size: 10pt;\">Ahora es el turno de Tulancingo, implicando esto una gran oportunidad para que los hidalguenses obtengan el mayor n\u00famero de plazas para estar en el evento m\u00e1ximo nacional de olimpiada, el cual se realizar\u00e1 este a\u00f1o en la \u00faltima semana de abril y principios de mayo.<\/span><\/p>\n<p><span style=\"font-family: verdana,geneva; font-size: 10pt;\">Las categor\u00edas bajo las cuales se har\u00e1 la selecci\u00f3n de los mejores arqueros son: infantil (de 11 y 12 a\u00f1os), juvenil menor (13 a 17 a\u00f1os) y juvenil mayor (de 18 a 21 a\u00f1os).<\/span><\/p>\n","protected":false},"excerpt":{"rendered":"<p>Tulancingo Por primera vez, Tulancingo y concretamente la cancha n\u00famero 1 de la \u00a0 Unidad Deportiva \u201cJavier Rojo G\u00f3mez\u201d, albergar\u00e1 un evento selectivo de primera talla vinculado a Tiro con Arco.<\/p>\n","protected":false},"author":93,"featured_media":0,"comment_status":"open","ping_status":"open","sticky":false,"template":"","format":"standard","meta":{"footnotes":""},"categories":[40],"tags":[],"class_list":["post-1890","post","type-post","status-publish","format-standard","hentry","category-region"],"_links":{"self":[{"href":"https:\/\/plazajuarez.mx\/historico\/wp-json\/wp\/v2\/posts\/1890","targetHints":{"allow":["GET"]}}],"collection":[{"href":"https:\/\/plazajuarez.mx\/historico\/wp-json\/wp\/v2\/posts"}],"about":[{"href":"https:\/\/plazajuarez.mx\/historico\/wp-json\/wp\/v2\/types\/post"}],"author":[{"embeddable":true,"href":"https:\/\/plazajuarez.mx\/historico\/wp-json\/wp\/v2\/users\/93"}],"replies":[{"embeddable":true,"href":"https:\/\/plazajuarez.mx\/historico\/wp-json\/wp\/v2\/comments?post=1890"}],"version-history":[{"count":0,"href":"https:\/\/plazajuarez.mx\/historico\/wp-json\/wp\/v2\/posts\/1890\/revisions"}],"wp:attachment":[{"href":"https:\/\/plazajuarez.mx\/historico\/wp-json\/wp\/v2\/media?parent=1890"}],"wp:term":[{"taxonomy":"category","embeddable":true,"href":"https:\/\/plazajuarez.mx\/historico\/wp-json\/wp\/v2\/categories?post=1890"},{"taxonomy":"post_tag","embeddable":true,"href":"https:\/\/plazajuarez.mx\/historico\/wp-json\/wp\/v2\/tags?post=1890"}],"curies":[{"name":"wp","href":"https:\/\/api.w.org\/{rel}","templated":true}]}}