{"id":188807,"date":"2021-10-29T11:44:57","date_gmt":"2021-10-29T16:44:57","guid":{"rendered":"https:\/\/plazajuarez.mx\/?p=188807"},"modified":"2021-10-29T11:45:12","modified_gmt":"2021-10-29T16:45:12","slug":"murio-el-conductor-oscar-cadena","status":"publish","type":"post","link":"https:\/\/plazajuarez.mx\/historico\/murio-el-conductor-oscar-cadena\/","title":{"rendered":"Muri\u00f3 el conductor Oscar Cadena"},"content":{"rendered":"\n<p class=\"wp-block-paragraph\">La c\u00e1mara se apag\u00f3. Oscar Cadena muri\u00f3. El hombre que en los a\u00f1os 80 y 90 captaba infraganti a ciudadanos y autoridades del pa\u00eds falleci\u00f3, seg\u00fan confirm\u00f3 su hija Mar\u00eda Jos\u00e9 en las redes sociales.&nbsp;<\/p>\n\n\n\n<p class=\"wp-block-paragraph\">&#8220;Para toda la comunidad hermosa que mi padre construy\u00f3: Con un amor y gratitud por siempre. Vuela alt\u00edsimo, papito. Te amo para siempre y por siempre&#8221;.&nbsp;<\/p>\n\n\n\n<p class=\"wp-block-paragraph\">El conductor de &#8220;C\u00e1mara infraganti&#8221; y &#8220;Ciudadano infraganti&#8221;, de 75 a\u00f1os, fue operado de emergencia a fines del mes pasado a causa de una peritonitis, por lo que tuvo que permanecer en terapia intensiva unos d\u00edas y en estado delicado e incluso se solicitaron donadores de sangre para \u00e9l.&nbsp;<\/p>\n\n\n\n<p class=\"wp-block-paragraph\">Un historial de enfermedades hab\u00edan mantenido al conductor cerca de los m\u00e9dicos, el m\u00e1s grave, un infarto que sufri\u00f3 hace m\u00e1s de una d\u00e9cada, raz\u00f3n por la cual se mud\u00f3 a Canc\u00fan, donde retom\u00f3 su carrera televisiva con un perfil m\u00e1s bajo.&nbsp;<\/p>\n\n\n\n<p class=\"wp-block-paragraph\">Con su c\u00e1mara en las calles y la complicidad de la misma ciudadan\u00eda, el periodista lo mismo exhibi\u00f3 a gente com\u00fan que a autoridades que abusaban de su poder, como ambulancias con la sirena encendida sin tener una emergencia o a polic\u00edas recibiendo &#8220;mordidas&#8221; o a ciudadanos tirando basura, contaminando o causando da\u00f1os en la v\u00eda p\u00fablica.&nbsp;&nbsp;<\/p>\n","protected":false},"excerpt":{"rendered":"<p>La c\u00e1mara se apag\u00f3. Oscar Cadena muri\u00f3. El hombre que en los a\u00f1os 80 y 90 captaba infraganti a ciudadanos y autoridades del pa\u00eds falleci\u00f3, seg\u00fan confirm\u00f3 su hija Mar\u00eda Jos\u00e9 en las redes sociales.&nbsp; &#8220;Para toda la comunidad hermosa que mi padre construy\u00f3: Con un amor y gratitud por siempre. Vuela alt\u00edsimo, papito. Te [&hellip;]<\/p>\n","protected":false},"author":81,"featured_media":188830,"comment_status":"closed","ping_status":"closed","sticky":false,"template":"","format":"standard","meta":{"footnotes":""},"categories":[38],"tags":[],"class_list":["post-188807","post","type-post","status-publish","format-standard","has-post-thumbnail","hentry","category-show"],"_links":{"self":[{"href":"https:\/\/plazajuarez.mx\/historico\/wp-json\/wp\/v2\/posts\/188807","targetHints":{"allow":["GET"]}}],"collection":[{"href":"https:\/\/plazajuarez.mx\/historico\/wp-json\/wp\/v2\/posts"}],"about":[{"href":"https:\/\/plazajuarez.mx\/historico\/wp-json\/wp\/v2\/types\/post"}],"author":[{"embeddable":true,"href":"https:\/\/plazajuarez.mx\/historico\/wp-json\/wp\/v2\/users\/81"}],"replies":[{"embeddable":true,"href":"https:\/\/plazajuarez.mx\/historico\/wp-json\/wp\/v2\/comments?post=188807"}],"version-history":[{"count":0,"href":"https:\/\/plazajuarez.mx\/historico\/wp-json\/wp\/v2\/posts\/188807\/revisions"}],"wp:featuredmedia":[{"embeddable":true,"href":"https:\/\/plazajuarez.mx\/historico\/wp-json\/wp\/v2\/media\/188830"}],"wp:attachment":[{"href":"https:\/\/plazajuarez.mx\/historico\/wp-json\/wp\/v2\/media?parent=188807"}],"wp:term":[{"taxonomy":"category","embeddable":true,"href":"https:\/\/plazajuarez.mx\/historico\/wp-json\/wp\/v2\/categories?post=188807"},{"taxonomy":"post_tag","embeddable":true,"href":"https:\/\/plazajuarez.mx\/historico\/wp-json\/wp\/v2\/tags?post=188807"}],"curies":[{"name":"wp","href":"https:\/\/api.w.org\/{rel}","templated":true}]}}