{"id":1888,"date":"2015-03-07T06:00:00","date_gmt":"2015-03-07T06:00:00","guid":{"rendered":"http:\/\/plazajuarez.mx\/index\/index.php\/2015\/03\/07\/seguridad-publica-en-campana-permanente-de-prevencion-de-adicciones-en-escuelas\/"},"modified":"2015-03-07T06:00:00","modified_gmt":"2015-03-07T06:00:00","slug":"seguridad-publica-en-campana-permanente-de-prevencion-de-adicciones-en-escuelas","status":"publish","type":"post","link":"https:\/\/plazajuarez.mx\/historico\/seguridad-publica-en-campana-permanente-de-prevencion-de-adicciones-en-escuelas\/","title":{"rendered":"Seguridad P\u00fablica en campa\u00f1a permanente de prevenci\u00f3n de adicciones en escuelas"},"content":{"rendered":"<p><span style=\"font-family: verdana,geneva; font-size: 10pt;\"><strong>Ixmiquilpan<\/strong><\/span><\/p>\n<p><span style=\"font-family: verdana,geneva; font-size: 10pt;\">La Secretaria de Seguridad P\u00fablica y Tr\u00e1nsito a trav\u00e9s del \u00e1rea de prevenci\u00f3n del delito se encuentra en campa\u00f1a permanente de prevenci\u00f3n de adicciones realizando pl\u00e1ticas en las escuelas secundarias y preparatorias del municipio de Ixmiquilpan.<\/span><\/p>\n<p>  <!--more-->  <\/p>\n<p>\u00a0<\/p>\n<p><span style=\"font-family: verdana,geneva; font-size: 10pt;\">V\u00edctor Escand\u00f3n Callejas, titular del \u00e1rea de prevenci\u00f3n del delito en el municipio inform\u00f3 que es a trav\u00e9s de la pl\u00e1tica \u201cMitos y realidades de las drogas\u201d que se busca concientizar a ni\u00f1os y j\u00f3venes respecto a las drogas y las adicciones; reafirmando con ello conceptos b\u00e1sicos de adicciones con la finalidad de que sean ellos los que interact\u00faen y logren disipar dudas o aclarar ideas y conceptos; que conozcan las consecuencias de su uso y como afecta los n\u00facleos sociales en donde se encuentran.<\/span><\/p>\n<p><span style=\"font-family: verdana,geneva; font-size: 10pt;\">En lo que va del a\u00f1o se ha impartido esta pl\u00e1tica en las escuelas Telesecundaria no. 139 de la localidad de Panales, la Telesecundaria no. 241 de la localidad de Dexthi y la escuela secundaria t\u00e9cnica n\u00famero 21 de la localidad de Orizabita, logrando llevar a cerca de 400 alumnos.<\/span><\/p>\n<p><span style=\"font-family: verdana,geneva; font-size: 10pt;\">Esta pl\u00e1tica es ocupada para resaltar la pr\u00e1ctica los valores y el respeto a uno mismo.<\/span><\/p>\n<p><span style=\"font-family: verdana,geneva; font-size: 10pt;\">Estas pl\u00e1ticas se continuar\u00e1n impartiendo en otros planteles con la intenci\u00f3n de llegar al mayor n\u00famero posible de estudiantes ya que entre m\u00e1s se conoce de estos temas m\u00e1s se previene de su uso.<\/span><\/p>\n","protected":false},"excerpt":{"rendered":"<p>Ixmiquilpan La Secretaria de Seguridad P\u00fablica y Tr\u00e1nsito a trav\u00e9s del \u00e1rea de prevenci\u00f3n del delito se encuentra en campa\u00f1a permanente de prevenci\u00f3n de adicciones realizando pl\u00e1ticas en las escuelas secundarias y preparatorias del municipio de Ixmiquilpan.<\/p>\n","protected":false},"author":93,"featured_media":0,"comment_status":"open","ping_status":"open","sticky":false,"template":"","format":"standard","meta":{"footnotes":""},"categories":[40],"tags":[],"class_list":["post-1888","post","type-post","status-publish","format-standard","hentry","category-region"],"_links":{"self":[{"href":"https:\/\/plazajuarez.mx\/historico\/wp-json\/wp\/v2\/posts\/1888","targetHints":{"allow":["GET"]}}],"collection":[{"href":"https:\/\/plazajuarez.mx\/historico\/wp-json\/wp\/v2\/posts"}],"about":[{"href":"https:\/\/plazajuarez.mx\/historico\/wp-json\/wp\/v2\/types\/post"}],"author":[{"embeddable":true,"href":"https:\/\/plazajuarez.mx\/historico\/wp-json\/wp\/v2\/users\/93"}],"replies":[{"embeddable":true,"href":"https:\/\/plazajuarez.mx\/historico\/wp-json\/wp\/v2\/comments?post=1888"}],"version-history":[{"count":0,"href":"https:\/\/plazajuarez.mx\/historico\/wp-json\/wp\/v2\/posts\/1888\/revisions"}],"wp:attachment":[{"href":"https:\/\/plazajuarez.mx\/historico\/wp-json\/wp\/v2\/media?parent=1888"}],"wp:term":[{"taxonomy":"category","embeddable":true,"href":"https:\/\/plazajuarez.mx\/historico\/wp-json\/wp\/v2\/categories?post=1888"},{"taxonomy":"post_tag","embeddable":true,"href":"https:\/\/plazajuarez.mx\/historico\/wp-json\/wp\/v2\/tags?post=1888"}],"curies":[{"name":"wp","href":"https:\/\/api.w.org\/{rel}","templated":true}]}}