{"id":188652,"date":"2021-10-28T11:01:44","date_gmt":"2021-10-28T16:01:44","guid":{"rendered":"https:\/\/plazajuarez.mx\/?p=188652"},"modified":"2021-10-28T11:02:00","modified_gmt":"2021-10-28T16:02:00","slug":"habitantes-de-alfajayucan-mantienen-cerrados-los-cuatro-carriles-de-la-carretera-mexico-laredo","status":"publish","type":"post","link":"https:\/\/plazajuarez.mx\/historico\/habitantes-de-alfajayucan-mantienen-cerrados-los-cuatro-carriles-de-la-carretera-mexico-laredo\/","title":{"rendered":"Habitantes de Alfajayucan, mantienen cerrados los cuatro carriles de la carretera M\u00e9xico-Laredo"},"content":{"rendered":"\n<p>Habitantes de Alfajayucan, mantienen cerrados los cuatro carriles de la carretera M\u00e9xico-Laredo, exigen al gobierno federal la construcci\u00f3n del canal de interconexi\u00f3n de la presa El Yath\u00e9.<\/p>\n\n\n\n<p>Los productores del campo, denunciaron la crisis que anualmente viven por la temporada de estiaje y no se puede utilizar el agua de la presa por la falta de este canal.<\/p>\n\n\n\n<p>Desde el 2014 se\u00f1alan, han esperado que la obra se construya como les ofreci\u00f3 desde entonces el gobierno federal de entonces, pero no les resolvieron.<\/p>\n\n\n\n<p>A tres a\u00f1os de la actual administraci\u00f3n federal y la del estado, ninguno se ha puesto de acuerdo para aportar los recursos y un esta obra por fin pueda estar completa en su totalidad.<\/p>\n\n\n\n<p>El cierre carretero, afecta a los automovilistas, tanto de transporte como de carga, debido a que es paso obligado a la Sierra Gorda, asimismo a los estados de San Luis Potos\u00ed, Quer\u00e9taro, Tamaulipas y el baj\u00edo.<\/p>\n","protected":false},"excerpt":{"rendered":"<p>Habitantes de Alfajayucan, mantienen cerrados los cuatro carriles de la carretera M\u00e9xico-Laredo, exigen al gobierno federal la construcci\u00f3n del canal de interconexi\u00f3n de la presa El Yath\u00e9. Los productores del campo, denunciaron la crisis que anualmente viven por la temporada de estiaje y no se puede utilizar el agua de la presa por la falta [&hellip;]<\/p>\n","protected":false},"author":75,"featured_media":188653,"comment_status":"closed","ping_status":"closed","sticky":false,"template":"","format":"standard","meta":{"footnotes":""},"categories":[15,40],"tags":[],"class_list":["post-188652","post","type-post","status-publish","format-standard","has-post-thumbnail","hentry","category-destacadas","category-region"],"_links":{"self":[{"href":"https:\/\/plazajuarez.mx\/historico\/wp-json\/wp\/v2\/posts\/188652","targetHints":{"allow":["GET"]}}],"collection":[{"href":"https:\/\/plazajuarez.mx\/historico\/wp-json\/wp\/v2\/posts"}],"about":[{"href":"https:\/\/plazajuarez.mx\/historico\/wp-json\/wp\/v2\/types\/post"}],"author":[{"embeddable":true,"href":"https:\/\/plazajuarez.mx\/historico\/wp-json\/wp\/v2\/users\/75"}],"replies":[{"embeddable":true,"href":"https:\/\/plazajuarez.mx\/historico\/wp-json\/wp\/v2\/comments?post=188652"}],"version-history":[{"count":0,"href":"https:\/\/plazajuarez.mx\/historico\/wp-json\/wp\/v2\/posts\/188652\/revisions"}],"wp:featuredmedia":[{"embeddable":true,"href":"https:\/\/plazajuarez.mx\/historico\/wp-json\/wp\/v2\/media\/188653"}],"wp:attachment":[{"href":"https:\/\/plazajuarez.mx\/historico\/wp-json\/wp\/v2\/media?parent=188652"}],"wp:term":[{"taxonomy":"category","embeddable":true,"href":"https:\/\/plazajuarez.mx\/historico\/wp-json\/wp\/v2\/categories?post=188652"},{"taxonomy":"post_tag","embeddable":true,"href":"https:\/\/plazajuarez.mx\/historico\/wp-json\/wp\/v2\/tags?post=188652"}],"curies":[{"name":"wp","href":"https:\/\/api.w.org\/{rel}","templated":true}]}}