{"id":188557,"date":"2021-10-28T07:25:00","date_gmt":"2021-10-28T12:25:00","guid":{"rendered":"https:\/\/plazajuarez.mx\/?p=188557"},"modified":"2021-10-28T07:33:23","modified_gmt":"2021-10-28T12:33:23","slug":"sere-imparcial-en-la-carrera-a-la-gubernatura-asegura-fayad","status":"publish","type":"post","link":"https:\/\/plazajuarez.mx\/historico\/sere-imparcial-en-la-carrera-a-la-gubernatura-asegura-fayad\/","title":{"rendered":"\u201cSer\u00e9 imparcial en la carrera a la Gubernatura\u201d, asegura Fayad"},"content":{"rendered":"\n<p>Tras acudir al Informe de trabajo legislativo del senador Julio Menchaca Salazar, el gobernador de la entidad, Omar Fayad Meneses, enfatiz\u00f3 que rumbo a la carrera hacia la gubernatura no opinar\u00e1 para \u201cno influir ni perjudicar a nadie en los procesos internos de los partidos pol\u00edticos\u201d, por lo que enfatiz\u00f3 que seguir\u00e1 imparcial, adem\u00e1s de que la decisi\u00f3n sobre el perfil que le suceder\u00e1 en el cargo ser\u00e1 elegido por los hidalguenses.<\/p>\n\n\n\n<p>\u201cNos debemos sumar en apoyo a qui\u00e9n vaya a ser mi sucesor porque lo va a necesitar, no importa de qu\u00e9 extracci\u00f3n pol\u00edtica sea\u2026 los de Morena quieren que sea de Morena, los priistas queremos que sea del PRI, los panistas y perredistas, tambi\u00e9n querr\u00e1n que sea de sus partidos, pero quien decidir\u00e1 ser\u00e1 el pueblo y es mejor que el gobernador no se meta\u201d, se\u00f1al\u00f3 el mandatario estatal.<\/p>\n\n\n\n<p>De igual forma apunt\u00f3 que en el \u00fanico proceso donde podr\u00e1 intervenir es en el de su partido (el PRI), debido a que es consejero pol\u00edtico nacional, estatal y municipal, y agreg\u00f3 que asisti\u00f3 al informe de Menchaca Salazar por haber sido invitado y por tomar una actitud democr\u00e1tica: \u201cHe tenido una actitud democr\u00e1tica, seria, responsable, los acompa\u00f1o a todos, el senador o senadora que me invite con gusto rep\u00fablicano y democr\u00e1tico, asisto\u201d.<\/p>\n\n\n\n<p>Concluy\u00f3 mencionando: \u201cHay que aprender a vivir en M\u00e9xico y lo que hay que hacer es portarse institucional como lo he hecho, as\u00ed es la democracia. Muchos me dec\u00edan: \u2018\u00bfC\u00f3mo vas a ir a ese informe? Son de Morena, te van a chiflar\u2019, as\u00ed&nbsp; es la democracia, aqu\u00ed estoy, con la frente en alto y los pantalones bien puestos para enfrentar cualquier situaci\u00f3n\u201d.<\/p>\n","protected":false},"excerpt":{"rendered":"<p>Tras acudir al Informe de trabajo legislativo del senador Julio Menchaca Salazar, el gobernador de la entidad, Omar Fayad Meneses, enfatiz\u00f3 que rumbo a la carrera hacia la gubernatura no opinar\u00e1 para \u201cno influir ni perjudicar a nadie en los procesos internos de los partidos pol\u00edticos\u201d, por lo que enfatiz\u00f3 que seguir\u00e1 imparcial, adem\u00e1s de [&hellip;]<\/p>\n","protected":false},"author":72,"featured_media":188558,"comment_status":"closed","ping_status":"closed","sticky":false,"template":"","format":"standard","meta":{"footnotes":""},"categories":[15,59],"tags":[],"class_list":["post-188557","post","type-post","status-publish","format-standard","has-post-thumbnail","hentry","category-destacadas","category-general"],"_links":{"self":[{"href":"https:\/\/plazajuarez.mx\/historico\/wp-json\/wp\/v2\/posts\/188557","targetHints":{"allow":["GET"]}}],"collection":[{"href":"https:\/\/plazajuarez.mx\/historico\/wp-json\/wp\/v2\/posts"}],"about":[{"href":"https:\/\/plazajuarez.mx\/historico\/wp-json\/wp\/v2\/types\/post"}],"author":[{"embeddable":true,"href":"https:\/\/plazajuarez.mx\/historico\/wp-json\/wp\/v2\/users\/72"}],"replies":[{"embeddable":true,"href":"https:\/\/plazajuarez.mx\/historico\/wp-json\/wp\/v2\/comments?post=188557"}],"version-history":[{"count":0,"href":"https:\/\/plazajuarez.mx\/historico\/wp-json\/wp\/v2\/posts\/188557\/revisions"}],"wp:featuredmedia":[{"embeddable":true,"href":"https:\/\/plazajuarez.mx\/historico\/wp-json\/wp\/v2\/media\/188558"}],"wp:attachment":[{"href":"https:\/\/plazajuarez.mx\/historico\/wp-json\/wp\/v2\/media?parent=188557"}],"wp:term":[{"taxonomy":"category","embeddable":true,"href":"https:\/\/plazajuarez.mx\/historico\/wp-json\/wp\/v2\/categories?post=188557"},{"taxonomy":"post_tag","embeddable":true,"href":"https:\/\/plazajuarez.mx\/historico\/wp-json\/wp\/v2\/tags?post=188557"}],"curies":[{"name":"wp","href":"https:\/\/api.w.org\/{rel}","templated":true}]}}