{"id":188548,"date":"2021-10-28T07:27:23","date_gmt":"2021-10-28T12:27:23","guid":{"rendered":"https:\/\/plazajuarez.mx\/?p=188548"},"modified":"2021-10-28T07:27:35","modified_gmt":"2021-10-28T12:27:35","slug":"nombramientos-a-consejeros-del-instituto-estatal-electoral","status":"publish","type":"post","link":"https:\/\/plazajuarez.mx\/historico\/nombramientos-a-consejeros-del-instituto-estatal-electoral\/","title":{"rendered":"Nombramientos a Consejeros del Instituto Estatal Electoral"},"content":{"rendered":"\n<p>Tras la aprobaci\u00f3n del Consejo General del Instituto Nacional Electoral (INE) de tres nuevos consejeros electorales, ayer, en sesi\u00f3n solemne, se tom\u00f3 protesta a Ariadna Gonz\u00e1lez Morales, Guillermo Corrales Galv\u00e1n y Alfredo Alcal\u00e1 Monta\u00f1o.<\/p>\n\n\n\n<p>Con la presencia de la Presidenta del Instituto Estatal Electoral (IEEH), Guillermina V\u00e1zquez Ben\u00edtez; Juan Calos Mendoza Meza, Vocal Secretario, expres\u00f3 que la tarde del martes 26 de octubre, las y los consejeros nacionales emitieron sus votos y opiniones en torno a la designaci\u00f3n de los dos nuevos consejeros y una consejera.<\/p>\n\n\n\n<p>El Presidente del Consejo General del INE, Lorenzo C\u00f3rdova, destac\u00f3 que \u201cSu esfuerzo, m\u00e9rito y constancia son las razones por las que se les propone para ocupar alguno de los cargos dentro de los consejos generales de los Organismos P\u00fablicos Locales Electorales\u201d.<\/p>\n\n\n\n<p>Tambi\u00e9n dijo que: \u201cPor esta raz\u00f3n, esperamos que las y los consejeros electorales que sean designados, desarrollen sus encomiendas en estricto apego a los m\u00e1s altos est\u00e1ndares democr\u00e1ticos propios de su encargo\u201c.<\/p>\n\n\n\n<p>El Vocal Ejecutivo del INE en Hidalgo, Jos\u00e9 Luis Ashnae Bulos, los inst\u00f3 a unir esfuerzos, a ser sensibles ante las causas de la sociedad, para hacer posible que las y los ciudadanos cuenten con condiciones adecuadas para ejercer su voto en un \u00e1mbito de libertad y autonom\u00eda, es as\u00ed que compartir\u00e1n con el Instituto Nacional Electoral compromisos y responsabilidades en el desarrollo de los procesos electorales.<\/p>\n","protected":false},"excerpt":{"rendered":"<p>Tras la aprobaci\u00f3n del Consejo General del Instituto Nacional Electoral (INE) de tres nuevos consejeros electorales, ayer, en sesi\u00f3n solemne, se tom\u00f3 protesta a Ariadna Gonz\u00e1lez Morales, Guillermo Corrales Galv\u00e1n y Alfredo Alcal\u00e1 Monta\u00f1o. Con la presencia de la Presidenta del Instituto Estatal Electoral (IEEH), Guillermina V\u00e1zquez Ben\u00edtez; Juan Calos Mendoza Meza, Vocal Secretario, expres\u00f3 [&hellip;]<\/p>\n","protected":false},"author":93,"featured_media":188549,"comment_status":"closed","ping_status":"closed","sticky":false,"template":"","format":"standard","meta":{"footnotes":""},"categories":[59,2159],"tags":[],"class_list":["post-188548","post","type-post","status-publish","format-standard","has-post-thumbnail","hentry","category-general","category-noticias-de-hidalgo"],"_links":{"self":[{"href":"https:\/\/plazajuarez.mx\/historico\/wp-json\/wp\/v2\/posts\/188548","targetHints":{"allow":["GET"]}}],"collection":[{"href":"https:\/\/plazajuarez.mx\/historico\/wp-json\/wp\/v2\/posts"}],"about":[{"href":"https:\/\/plazajuarez.mx\/historico\/wp-json\/wp\/v2\/types\/post"}],"author":[{"embeddable":true,"href":"https:\/\/plazajuarez.mx\/historico\/wp-json\/wp\/v2\/users\/93"}],"replies":[{"embeddable":true,"href":"https:\/\/plazajuarez.mx\/historico\/wp-json\/wp\/v2\/comments?post=188548"}],"version-history":[{"count":0,"href":"https:\/\/plazajuarez.mx\/historico\/wp-json\/wp\/v2\/posts\/188548\/revisions"}],"wp:featuredmedia":[{"embeddable":true,"href":"https:\/\/plazajuarez.mx\/historico\/wp-json\/wp\/v2\/media\/188549"}],"wp:attachment":[{"href":"https:\/\/plazajuarez.mx\/historico\/wp-json\/wp\/v2\/media?parent=188548"}],"wp:term":[{"taxonomy":"category","embeddable":true,"href":"https:\/\/plazajuarez.mx\/historico\/wp-json\/wp\/v2\/categories?post=188548"},{"taxonomy":"post_tag","embeddable":true,"href":"https:\/\/plazajuarez.mx\/historico\/wp-json\/wp\/v2\/tags?post=188548"}],"curies":[{"name":"wp","href":"https:\/\/api.w.org\/{rel}","templated":true}]}}