{"id":188544,"date":"2021-10-28T07:24:49","date_gmt":"2021-10-28T12:24:49","guid":{"rendered":"https:\/\/plazajuarez.mx\/?p=188544"},"modified":"2021-10-28T07:25:01","modified_gmt":"2021-10-28T12:25:01","slug":"voz-de-los-campesinos-de-hidalgo-el-diputado-rodrigo-castillo","status":"publish","type":"post","link":"https:\/\/plazajuarez.mx\/historico\/voz-de-los-campesinos-de-hidalgo-el-diputado-rodrigo-castillo\/","title":{"rendered":"Voz de los campesinos de Hidalgo, el diputado Rodrigo Castillo"},"content":{"rendered":"\n<p><\/p>\n\n\n\n<p>En el Desarrollo de la 16va Sesi\u00f3n Ordinaria del Congreso del Estado de Hidalgo, el Diputado Local por el sexto distrito con cabecera en Huichapan, Rodrigo Castillo Mart\u00ednez, present\u00f3 un acuerdo econ\u00f3mico mediante el cual los integrantes de la Comisi\u00f3n de Presupuesto y Cuenta P\u00fablica de la C\u00e1mara de Diputados del Congreso de la Uni\u00f3n asignen mayores recursos al sector agroalimentario, para beneficio de la poblaci\u00f3n hidalguense; adem\u00e1s de que se&nbsp; abra espacio para una reuni\u00f3n con representantes del sector agropecuario.&nbsp;<\/p>\n\n\n\n<p>\u201cEs innegable que, desde hace a\u00f1os, el apoyo al sector del campo ha venido decayendo, sin embargo, en los \u00faltimos a\u00f1os el sector agroalimentario y rural ha dejado de ser prioritario, se han reducido recursos y programas, aunado a la pandemia por covid&nbsp; y la problem\u00e1tica del cambio clim\u00e1tico\u201d, mencion\u00f3.&nbsp;<\/p>\n\n\n\n<p>El Diputado Local oriundo de Tepetitl\u00e1n, es reconocido por ser un impulsor del sector agropecuario y, con este, exhorto busca mejores condiciones para los campesinos del Estado de Hidalgo.<\/p>\n","protected":false},"excerpt":{"rendered":"<p>En el Desarrollo de la 16va Sesi\u00f3n Ordinaria del Congreso del Estado de Hidalgo, el Diputado Local por el sexto distrito con cabecera en Huichapan, Rodrigo Castillo Mart\u00ednez, present\u00f3 un acuerdo econ\u00f3mico mediante el cual los integrantes de la Comisi\u00f3n de Presupuesto y Cuenta P\u00fablica de la C\u00e1mara de Diputados del Congreso de la Uni\u00f3n [&hellip;]<\/p>\n","protected":false},"author":93,"featured_media":188545,"comment_status":"closed","ping_status":"closed","sticky":false,"template":"","format":"standard","meta":{"footnotes":""},"categories":[59],"tags":[],"class_list":["post-188544","post","type-post","status-publish","format-standard","has-post-thumbnail","hentry","category-general"],"_links":{"self":[{"href":"https:\/\/plazajuarez.mx\/historico\/wp-json\/wp\/v2\/posts\/188544","targetHints":{"allow":["GET"]}}],"collection":[{"href":"https:\/\/plazajuarez.mx\/historico\/wp-json\/wp\/v2\/posts"}],"about":[{"href":"https:\/\/plazajuarez.mx\/historico\/wp-json\/wp\/v2\/types\/post"}],"author":[{"embeddable":true,"href":"https:\/\/plazajuarez.mx\/historico\/wp-json\/wp\/v2\/users\/93"}],"replies":[{"embeddable":true,"href":"https:\/\/plazajuarez.mx\/historico\/wp-json\/wp\/v2\/comments?post=188544"}],"version-history":[{"count":0,"href":"https:\/\/plazajuarez.mx\/historico\/wp-json\/wp\/v2\/posts\/188544\/revisions"}],"wp:featuredmedia":[{"embeddable":true,"href":"https:\/\/plazajuarez.mx\/historico\/wp-json\/wp\/v2\/media\/188545"}],"wp:attachment":[{"href":"https:\/\/plazajuarez.mx\/historico\/wp-json\/wp\/v2\/media?parent=188544"}],"wp:term":[{"taxonomy":"category","embeddable":true,"href":"https:\/\/plazajuarez.mx\/historico\/wp-json\/wp\/v2\/categories?post=188544"},{"taxonomy":"post_tag","embeddable":true,"href":"https:\/\/plazajuarez.mx\/historico\/wp-json\/wp\/v2\/tags?post=188544"}],"curies":[{"name":"wp","href":"https:\/\/api.w.org\/{rel}","templated":true}]}}