{"id":188505,"date":"2021-10-27T16:43:06","date_gmt":"2021-10-27T21:43:06","guid":{"rendered":"https:\/\/plazajuarez.mx\/?p=188505"},"modified":"2021-10-27T16:43:15","modified_gmt":"2021-10-27T21:43:15","slug":"formalizan-denuncia-contra-sheinbaum-por-tarjeta-claudia","status":"publish","type":"post","link":"https:\/\/plazajuarez.mx\/historico\/formalizan-denuncia-contra-sheinbaum-por-tarjeta-claudia\/","title":{"rendered":"Formalizan denuncia contra Sheinbaum por &#8220;tarjeta Claudia&#8221;"},"content":{"rendered":"\n<p class=\"wp-block-paragraph\">La diputada local del Partido Acci\u00f3n Nacional (PAN), Am\u00e9rica Rangel Lorenzana, cumpli\u00f3 con denunciar a la jefa de Gobierno, Claudia Sheinbaum Pardo, por la llamada &#8220;Tarjeta Claudia&#8221;.<\/p>\n\n\n\n<p class=\"wp-block-paragraph\">La querella la present\u00f3 ante el Instituto Electoral de la Ciudad de M\u00e9xico (IECM), con solicitud de medidas cautelares, por alterar el art\u00edculo 134 constitucional al promover su nombre con claros recursos p\u00fablicos.<\/p>\n\n\n\n<p class=\"wp-block-paragraph\">En la queja, la panista solicita la suspensi\u00f3n de promoci\u00f3n personalizada de la jefa de Gobierno, a trav\u00e9s de ella, de funcionarios de Morena y, adem\u00e1s, de la utilizaci\u00f3n de programas sociales y el uso de recursos p\u00fablicos, tal y como consta en medios de comunicaci\u00f3n y redes sociales en la difusi\u00f3n de la denominada &#8220;Tarjeta Claudia&#8221;.<\/p>\n\n\n\n<p class=\"wp-block-paragraph\">&#8220;Esta autoridad -IECM- est\u00e1 facultada para conocer de los hechos que denuncio y dictar las medidas cautelares de ordenar la suspensi\u00f3n, como en el caso que nos ocupa sucede respecto de Claudia Sheinbaum Pardo, en su calidad de jefa de Gobierno de la Ciudad de M\u00e9xico, y Luis Humberto Fern\u00e1ndez Fuentes, titular de la Autoridad Educativa Federal en la Ciudad de M\u00e9xico&#8221;, asent\u00f3 en su queja la panista.<\/p>\n\n\n\n<p class=\"wp-block-paragraph\">En un apartado del escrito, Rangel Lorenzana narra el dolo en la actuaci\u00f3n de Sheinbaum Pardo, ya que tiene conocimiento de la norma prohibida y, pese a ello, contin\u00faa con propaganda personal desde el Gobierno local.<\/p>\n\n\n\n<p class=\"wp-block-paragraph\">&#8220;Ya que realiza la ejecuci\u00f3n de conductas infractoras al no ser imparciales y violar el principio de legalidad, utilizando programas sociales para hacer promoci\u00f3n de su imagen de una manera personalizada&#8221;, enfatiz\u00f3 en el documento.<\/p>\n\n\n\n<p class=\"wp-block-paragraph\">La legisladora del blanquiazul, quien ha dado seguimiento a &#8220;los atropellos&#8221; de Morena en la Ciudad, se\u00f1al\u00f3 que &#8220;es evidente que Claudia Sheinbaum, en su calidad de jefa de Gobierno, labora para los ciudadanos de manera dolosa, ya que a sabiendas de las faltas en que incurre, no frena sus actos proselitistas y eso debe tener visto de la autoridad electoral para futuras participaciones a cargos de elecci\u00f3n popular&#8221;.<\/p>\n","protected":false},"excerpt":{"rendered":"<p>La diputada local del Partido Acci\u00f3n Nacional (PAN), Am\u00e9rica Rangel Lorenzana, cumpli\u00f3 con denunciar a la jefa de Gobierno, Claudia Sheinbaum Pardo, por la llamada &#8220;Tarjeta Claudia&#8221;. La querella la present\u00f3 ante el Instituto Electoral de la Ciudad de M\u00e9xico (IECM), con solicitud de medidas cautelares, por alterar el art\u00edculo 134 constitucional al promover su [&hellip;]<\/p>\n","protected":false},"author":81,"featured_media":179884,"comment_status":"closed","ping_status":"closed","sticky":false,"template":"","format":"standard","meta":{"footnotes":""},"categories":[36],"tags":[],"class_list":["post-188505","post","type-post","status-publish","format-standard","has-post-thumbnail","hentry","category-nacion"],"_links":{"self":[{"href":"https:\/\/plazajuarez.mx\/historico\/wp-json\/wp\/v2\/posts\/188505","targetHints":{"allow":["GET"]}}],"collection":[{"href":"https:\/\/plazajuarez.mx\/historico\/wp-json\/wp\/v2\/posts"}],"about":[{"href":"https:\/\/plazajuarez.mx\/historico\/wp-json\/wp\/v2\/types\/post"}],"author":[{"embeddable":true,"href":"https:\/\/plazajuarez.mx\/historico\/wp-json\/wp\/v2\/users\/81"}],"replies":[{"embeddable":true,"href":"https:\/\/plazajuarez.mx\/historico\/wp-json\/wp\/v2\/comments?post=188505"}],"version-history":[{"count":0,"href":"https:\/\/plazajuarez.mx\/historico\/wp-json\/wp\/v2\/posts\/188505\/revisions"}],"wp:featuredmedia":[{"embeddable":true,"href":"https:\/\/plazajuarez.mx\/historico\/wp-json\/wp\/v2\/media\/179884"}],"wp:attachment":[{"href":"https:\/\/plazajuarez.mx\/historico\/wp-json\/wp\/v2\/media?parent=188505"}],"wp:term":[{"taxonomy":"category","embeddable":true,"href":"https:\/\/plazajuarez.mx\/historico\/wp-json\/wp\/v2\/categories?post=188505"},{"taxonomy":"post_tag","embeddable":true,"href":"https:\/\/plazajuarez.mx\/historico\/wp-json\/wp\/v2\/tags?post=188505"}],"curies":[{"name":"wp","href":"https:\/\/api.w.org\/{rel}","templated":true}]}}