{"id":188497,"date":"2021-10-27T15:12:38","date_gmt":"2021-10-27T20:12:38","guid":{"rendered":"https:\/\/plazajuarez.mx\/?p=188497"},"modified":"2021-10-27T15:12:45","modified_gmt":"2021-10-27T20:12:45","slug":"los-minutos-negros-un-film-mexicano-sobre-la-insensibilidad-de-la-justicia","status":"publish","type":"post","link":"https:\/\/plazajuarez.mx\/historico\/los-minutos-negros-un-film-mexicano-sobre-la-insensibilidad-de-la-justicia\/","title":{"rendered":"&#8220;Los minutos negros&#8221;, un film mexicano sobre la insensibilidad de la Justicia"},"content":{"rendered":"\n<p class=\"wp-block-paragraph\">&nbsp;A\u00f1os de preparaci\u00f3n, de realizaci\u00f3n y muchas versiones distintas de la misma historia habitaron la mente del director mexicano Mario Mu\u00f1oz para hacer &#8220;Los minutos negros&#8221;, un filme que no podr\u00eda haber sido de otra forma y que hace una reflexi\u00f3n a la insensibilidad de las instituciones del Poder Judicial.<\/p>\n\n\n\n<p class=\"wp-block-paragraph\">&#8220;El cine tiene esa magia y esa forma ser. Es una dictadura tremenda que dice as\u00ed es (como debes hacerlo), te tienes que quedar con lo esencial y eso creo que es lo que est\u00e1 en la pel\u00edcula&#8221;, cuenta este mi\u00e9rcoles Mu\u00f1oz en entrevista con Efe.<\/p>\n\n\n\n<p class=\"wp-block-paragraph\">Mu\u00f1oz (&#8220;Bajo la sal&#8221;, 2008) est\u00e1 convencido de que los libros eligen al lector y no al rev\u00e9s, prueba de ello fue su encuentro con &#8220;Los minutos negros&#8221;, la novela de Mart\u00edn Solares publicada en 2009, que lo llev\u00f3 no solo a hacer un filme, sino tambi\u00e9n a trabajar con el escritor para hacer la mejor versi\u00f3n de esta y ahora planear incluso un segundo t\u00edtulo.<\/p>\n\n\n\n<p class=\"wp-block-paragraph\">EL REFLEJO DE UN PA\u00cdS EN SU POLIC\u00cdA<\/p>\n\n\n\n<p class=\"wp-block-paragraph\">Mart\u00edn Solares es nacido en Tampico, en el nororiental estado de Tamaulipas, y recuerda los peri\u00f3dicos de su infancia repletos de noticias violentas y sus padres, para protegerlo, escondi\u00e9ndolos para que \u00e9l no los viera.<\/p>\n\n\n\n<p class=\"wp-block-paragraph\">Los esfuerzos fueron en balde, puesto que Solares se enter\u00f3 de todo y principalmente qued\u00f3 impactado con la historia del llamado Chacal, un asesino en serie responsable de la muerte de varias ni\u00f1as.<\/p>\n\n\n\n<p class=\"wp-block-paragraph\">&#8220;Decid\u00ed escribir una historia 20 a\u00f1os despu\u00e9s porque no me quitaba el tema de encima y mientras m\u00e1s lo pensaba m\u00e1s me daba cuenta de que la historia de mi ciudad y de mi pa\u00eds se reflejaba en c\u00f3mo se hab\u00eda comportado la Polic\u00eda de Tamaulipas respecto a ese asesino en serie&#8221;, reflexiona el escritor.<\/p>\n\n\n\n<p class=\"wp-block-paragraph\">El filme de Mu\u00f1oz sigue la historia del polic\u00eda Vicente Rangel (Leonardo Ortizgris) que en medio de la corrupci\u00f3n que inunda su estaci\u00f3n de polic\u00eda busca llegar a la justicia con respecto a una serie de asesinatos violentos a ni\u00f1as.<\/p>\n\n\n\n<p class=\"wp-block-paragraph\">Rodeado de personas buenas que complementan la pel\u00edcula con toques de humor, el camino para Rangel ser\u00e1 dif\u00edcil, puesto que los beneficios propios de los dem\u00e1s agentes de la polic\u00eda se entrelazan con el poder de los altos mandos implicados en los cr\u00edmenes y la corrupci\u00f3n.<\/p>\n\n\n\n<p class=\"wp-block-paragraph\">&#8220;Una pel\u00edcula como &#8216;Los minutos negros&#8217; trata de contar una historia divertida, escalofriante y estrujante, pero siempre interesante, que nos haga pensar en el tipo de justicia que tenemos ahora a trav\u00e9s de una historia que pertenece a los a\u00f1os 70&#8221;, menciona Solares.<\/p>\n\n\n\n<p class=\"wp-block-paragraph\">Mart\u00edn tuvo en mente a las muertas de Ciudad Ju\u00e1rez al escribir el libro, desde su perspectiva los medios de comunicaci\u00f3n y los discursos oficiales han convertido estos dolosos acontecimientos sociales en n\u00fameros y estad\u00edsticas logrando con ello insensibilizar a la gente, cosa que cree puede combatirse desde el cine.<\/p>\n\n\n\n<p class=\"wp-block-paragraph\">&#8220;Lo que el arte y la ficci\u00f3n hace es traspasar la realidad. Creo que la ficci\u00f3n tiene esa gran forma que nos permite rendirnos ante ella para poder decir, esta es la historia de una tragedia&#8221;, reflexiona el director.<\/p>\n\n\n\n<p class=\"wp-block-paragraph\">ESENCIA Y LITERATURA<\/p>\n\n\n\n<p class=\"wp-block-paragraph\">Tanto Mario como Mart\u00edn aseguran que hicieron una buena mancuerna creativa para realizar la pel\u00edcula pero uno de los retos principales fue encontrar la esencia de la novela para convertirla en un filme.<\/p>\n\n\n\n<p class=\"wp-block-paragraph\">&#8220;No calcamos la novela, la depuramos hasta quedarnos con lo mejor y lograr que el arte estuviera en el centro de cada escena. Fue como quedar casi con el aroma de la historia original&#8221;, dice Mario.<\/p>\n\n\n\n<p class=\"wp-block-paragraph\">Ambos son amantes del llamado cine &#8220;noir&#8221; y se inspiraron en este g\u00e9nero para realizar esta pel\u00edcula.<\/p>\n\n\n\n<p class=\"wp-block-paragraph\">&#8220;Los minutos negros&#8221; es parte de la selecci\u00f3n oficial del Festival Internacional de Cine de Morelia (FICM) que comienza sus actividades este mi\u00e9rcoles y compite con t\u00edtulos como &#8220;Una pel\u00edcula de polic\u00edas&#8221;, &#8220;Nudo mixteco&#8221; o &#8220;El hoyo en la cerca&#8221;, entre otros.<\/p>\n","protected":false},"excerpt":{"rendered":"<p>&nbsp;A\u00f1os de preparaci\u00f3n, de realizaci\u00f3n y muchas versiones distintas de la misma historia habitaron la mente del director mexicano Mario Mu\u00f1oz para hacer &#8220;Los minutos negros&#8221;, un filme que no podr\u00eda haber sido de otra forma y que hace una reflexi\u00f3n a la insensibilidad de las instituciones del Poder Judicial. &#8220;El cine tiene esa magia [&hellip;]<\/p>\n","protected":false},"author":80,"featured_media":188498,"comment_status":"closed","ping_status":"closed","sticky":false,"template":"","format":"standard","meta":{"footnotes":""},"categories":[41],"tags":[],"class_list":["post-188497","post","type-post","status-publish","format-standard","has-post-thumbnail","hentry","category-arteria-cultural"],"_links":{"self":[{"href":"https:\/\/plazajuarez.mx\/historico\/wp-json\/wp\/v2\/posts\/188497","targetHints":{"allow":["GET"]}}],"collection":[{"href":"https:\/\/plazajuarez.mx\/historico\/wp-json\/wp\/v2\/posts"}],"about":[{"href":"https:\/\/plazajuarez.mx\/historico\/wp-json\/wp\/v2\/types\/post"}],"author":[{"embeddable":true,"href":"https:\/\/plazajuarez.mx\/historico\/wp-json\/wp\/v2\/users\/80"}],"replies":[{"embeddable":true,"href":"https:\/\/plazajuarez.mx\/historico\/wp-json\/wp\/v2\/comments?post=188497"}],"version-history":[{"count":0,"href":"https:\/\/plazajuarez.mx\/historico\/wp-json\/wp\/v2\/posts\/188497\/revisions"}],"wp:featuredmedia":[{"embeddable":true,"href":"https:\/\/plazajuarez.mx\/historico\/wp-json\/wp\/v2\/media\/188498"}],"wp:attachment":[{"href":"https:\/\/plazajuarez.mx\/historico\/wp-json\/wp\/v2\/media?parent=188497"}],"wp:term":[{"taxonomy":"category","embeddable":true,"href":"https:\/\/plazajuarez.mx\/historico\/wp-json\/wp\/v2\/categories?post=188497"},{"taxonomy":"post_tag","embeddable":true,"href":"https:\/\/plazajuarez.mx\/historico\/wp-json\/wp\/v2\/tags?post=188497"}],"curies":[{"name":"wp","href":"https:\/\/api.w.org\/{rel}","templated":true}]}}