{"id":188490,"date":"2021-10-27T13:08:47","date_gmt":"2021-10-27T18:08:47","guid":{"rendered":"https:\/\/plazajuarez.mx\/?p=188490"},"modified":"2021-10-27T13:08:56","modified_gmt":"2021-10-27T18:08:56","slug":"origen-de-las-momias-de-tarim","status":"publish","type":"post","link":"https:\/\/plazajuarez.mx\/historico\/origen-de-las-momias-de-tarim\/","title":{"rendered":"Desvelado el sorprendente origen de las momias de Tarim"},"content":{"rendered":"\n<p class=\"wp-block-paragraph\">(EFE) El estudio gen\u00f3mico de las momias de la cuenca del Tarim, en el oeste de China, ha desvelado que esos enigm\u00e1ticos restos humanos pertenecen a una poblaci\u00f3n ind\u00edgena que, en la Edad del Bronce, estaba gen\u00e9ticamente aislada pero era culturalmente cosmopolita.<\/p>\n\n\n\n<p class=\"wp-block-paragraph\">Las conclusiones del estudio, publicadas hoy en Nature, se basan en el primer estudio gen\u00f3mico de las poblaciones prehist\u00f3ricas de la regi\u00f3n aut\u00f3noma de Xinjiang Uyghur, situada en medio de la Ruta de la Seda y considerada un cruce de caminos para la cultura, la agricultura y los idiomas de Oriente y Occidente.<\/p>\n\n\n\n<p class=\"wp-block-paragraph\">A finales de la d\u00e9cada de 1990, en la cuenca del Tarim de esta regi\u00f3n, se descubrieron cientos de restos humanos momificados de forma natural que datan de entre el 2.000 a.C. y el 200 d.C., de aspecto f\u00edsico &#8220;occidental&#8221;, ropas de lana tejidas y de fieltro, y una econom\u00eda basada en el ganado vacuno, ovino y caprino, el trigo, la cebada, el mijo y el queso k\u00e9fir.<\/p>\n\n\n\n<p class=\"wp-block-paragraph\">Estas momias, enterradas en ata\u00fades de barco en mitad de un desierto, han desconcertado durante mucho tiempo a los cient\u00edficos y han inspirado numerosas teor\u00edas sobre su origen.<\/p>\n\n\n\n<p class=\"wp-block-paragraph\">Algunos cient\u00edficos creen que por el ganado y su inusual aspecto f\u00edsico, podr\u00eda tratarse de los Yamnaya, una poblaci\u00f3n de pastores de la Edad de Bronce procedente de las estepas rusas que en pocos siglos se propag\u00f3 por el resto de Eurasia.<\/p>\n\n\n\n<p class=\"wp-block-paragraph\">Otros sit\u00faan sus or\u00edgenes entre las culturas de los oasis del desierto de Asia Central del Complejo Arqueol\u00f3gico de Bactriana-Margiana (BMAC), un grupo con fuertes v\u00ednculos gen\u00e9ticos con los primeros agricultores de la meseta iran\u00ed.<\/p>\n\n\n\n<p class=\"wp-block-paragraph\">Para comprender mejor el origen de la poblaci\u00f3n fundadora de las momias de la cuenca del Tarim, investigadores de la Universidad de Jilin, del Instituto Max Planck de Antropolog\u00eda Evolutiva (Alemania), de la Universidad Nacional de Se\u00fal (Corea) y de la Universidad de Harvard analizaron los datos del genoma de trece de esas momias, fechadas entre 2.100 y 1.700 a.C., y de cinco individuos de entre 3.000 y 2.800 a.C. de la vecina cuenca de Dzungarian.<\/p>\n\n\n\n<p class=\"wp-block-paragraph\">Los investigadores descubrieron que las momias no eran for\u00e1neas, sino que parec\u00edan ser descendientes directos de una poblaci\u00f3n del Pleistoceno que estuvo muy extendida y que hab\u00eda desaparecido en gran medida al final de la \u00faltima Edad de Hielo.<\/p>\n\n\n\n<p class=\"wp-block-paragraph\">Esta poblaci\u00f3n, conocida como los antiguos euroasi\u00e1ticos del norte, sigue presente en los genomas de las poblaciones actuales, especialmente en los ind\u00edgenas de Siberia y Am\u00e9rica, que tienen las proporciones m\u00e1s altas (40% aproximadamente).<\/p>\n\n\n\n<p class=\"wp-block-paragraph\">En contraste con las poblaciones actuales, las momias de la cuenca del Tarim no muestran evidencias de mezcla con ning\u00fan otro grupo del Holoceno, sino que forman un aislamiento gen\u00e9tico desconocido hasta ahora y que probablemente sufri\u00f3 un cuello de botella gen\u00e9tico extremo y prolongado antes de asentarse en la cuenca del Tarim.<\/p>\n\n\n\n<p class=\"wp-block-paragraph\">Por el contrario, el an\u00e1lisis de los restos de los individuos de la vecina cuenca de Dzungarian demostr\u00f3 que eran descendientes de las poblaciones locales y de los pastores esteparios occidentales, los afanasievo, un grupo con fuertes v\u00ednculos gen\u00e9ticos con los yamanya de la Edad de Bronce Temprana.<\/p>\n\n\n\n<p class=\"wp-block-paragraph\">&#8220;Estos hallazgos contribuyen a nuestra comprensi\u00f3n de la dispersi\u00f3n hacia el este de los ancestros yamnaya y de los escenarios en los que se produjo la mezcla cuando se encontraron por primera vez con las poblaciones de Asia interior&#8221;, afirma Chao Ning, coautor del estudio y profesor de la Escuela de Arqueolog\u00eda y Museolog\u00eda de la Universidad de Pek\u00edn.<\/p>\n\n\n\n<p class=\"wp-block-paragraph\">El estudio revela tambi\u00e9n que los grupos de la cuenca del Tarim estaban aislados gen\u00e9ticamente pero no culturalmente como demostr\u00f3 el an\u00e1lisis prote\u00f3mico de su c\u00e1lculo dental que confirm\u00f3 que sus individuos practicaban la cr\u00eda de ganado vacuno, ovino y caprino, y conoc\u00edan bien las diferentes culturas y tecnolog\u00edas de su entorno.<\/p>\n\n\n\n<p class=\"wp-block-paragraph\">&#8220;Pese a estar gen\u00e9ticamente aislados, los pueblos de la Edad de Bronce de la cuenca del Tarim eran notablemente cosmopolitas desde el punto de vista cultural&#8221; concluye Christina Warinner, autora principal del estudio, y profesora de Harvard.<\/p>\n","protected":false},"excerpt":{"rendered":"<p>(EFE) El estudio gen\u00f3mico de las momias de la cuenca del Tarim, en el oeste de China, ha desvelado que esos enigm\u00e1ticos restos humanos pertenecen a una poblaci\u00f3n ind\u00edgena que, en la Edad del Bronce, estaba gen\u00e9ticamente aislada pero era culturalmente cosmopolita. Las conclusiones del estudio, publicadas hoy en Nature, se basan en el primer [&hellip;]<\/p>\n","protected":false},"author":80,"featured_media":188491,"comment_status":"closed","ping_status":"closed","sticky":false,"template":"","format":"standard","meta":{"footnotes":""},"categories":[31],"tags":[],"class_list":["post-188490","post","type-post","status-publish","format-standard","has-post-thumbnail","hentry","category-orbe"],"_links":{"self":[{"href":"https:\/\/plazajuarez.mx\/historico\/wp-json\/wp\/v2\/posts\/188490","targetHints":{"allow":["GET"]}}],"collection":[{"href":"https:\/\/plazajuarez.mx\/historico\/wp-json\/wp\/v2\/posts"}],"about":[{"href":"https:\/\/plazajuarez.mx\/historico\/wp-json\/wp\/v2\/types\/post"}],"author":[{"embeddable":true,"href":"https:\/\/plazajuarez.mx\/historico\/wp-json\/wp\/v2\/users\/80"}],"replies":[{"embeddable":true,"href":"https:\/\/plazajuarez.mx\/historico\/wp-json\/wp\/v2\/comments?post=188490"}],"version-history":[{"count":0,"href":"https:\/\/plazajuarez.mx\/historico\/wp-json\/wp\/v2\/posts\/188490\/revisions"}],"wp:featuredmedia":[{"embeddable":true,"href":"https:\/\/plazajuarez.mx\/historico\/wp-json\/wp\/v2\/media\/188491"}],"wp:attachment":[{"href":"https:\/\/plazajuarez.mx\/historico\/wp-json\/wp\/v2\/media?parent=188490"}],"wp:term":[{"taxonomy":"category","embeddable":true,"href":"https:\/\/plazajuarez.mx\/historico\/wp-json\/wp\/v2\/categories?post=188490"},{"taxonomy":"post_tag","embeddable":true,"href":"https:\/\/plazajuarez.mx\/historico\/wp-json\/wp\/v2\/tags?post=188490"}],"curies":[{"name":"wp","href":"https:\/\/api.w.org\/{rel}","templated":true}]}}