{"id":188486,"date":"2021-10-27T13:05:05","date_gmt":"2021-10-27T18:05:05","guid":{"rendered":"https:\/\/plazajuarez.mx\/?p=188486"},"modified":"2021-10-27T13:05:15","modified_gmt":"2021-10-27T18:05:15","slug":"buzz-vuela-al-infinito-y-mas-alla-en-adelanto-de-lightyear","status":"publish","type":"post","link":"https:\/\/plazajuarez.mx\/historico\/buzz-vuela-al-infinito-y-mas-alla-en-adelanto-de-lightyear\/","title":{"rendered":"&#8220;Buzz&#8221; vuela &#8220;al infinito y m\u00e1s all\u00e1&#8221; en adelanto de &#8220;Lightyear&#8221;"},"content":{"rendered":"\n<p class=\"wp-block-paragraph\">La historia de &#8220;Toy Story&#8221; parece a\u00fan no llegar a su fin y para muestra el nuevo adelanto del filme &#8220;Lightyear&#8221;, pel\u00edcula que mostrar\u00e1 el inicio del famoso astronauta amigo de &#8220;Woody&#8221;.<\/p>\n\n\n\n<p class=\"wp-block-paragraph\">Disney y Pixar lanzaron este mi\u00e9rcoles el primer avance que mostrar\u00e1 la historia que inspir\u00f3 la creaci\u00f3n del mu\u00f1eco &#8220;Buzz Lightyear&#8221;.<\/p>\n\n\n\n<p class=\"wp-block-paragraph\">El tr\u00e1iler de &#8220;Lightyear&#8221; muestra la inspiradora historia de ciencia ficci\u00f3n, repleta de naves especiales y mundos alien\u00edgenas, quiz\u00e1s parte del universo en el que las pel\u00edculas de &#8220;Toy Story&#8221; se llevan a cabo, y por eso este guardi\u00e1n espacial sirvi\u00f3 de inspiraci\u00f3n para el juguete que todos queremos.<\/p>\n\n\n\n<p class=\"wp-block-paragraph\">Este filme que se estrenar\u00e1 el 17 de junio de 2022 tambi\u00e9n mostrar\u00e1 el origen de su emblem\u00e1tico traje blanco, verde y morado, y, m\u00e1s importante a\u00fan, de su ya cl\u00e1sica frase, la cual parece tener un v\u00ednculo especial con uno de sus colegas.<\/p>\n\n\n\n<p class=\"wp-block-paragraph\">Con Chris Evans en el papel principal y el animador Angus MacLane (&#8220;Finding Dory&#8221;) en la silla del director, la pel\u00edcula ya se va perfilando como una entretenida aventura espacial al estilo de &#8220;Flash Gordon&#8221;.<\/p>\n\n\n\n<blockquote class=\"twitter-tweet\"><p lang=\"es\" dir=\"ltr\">Al infinito y&#8230; \ud83d\ude80 Conoce el origen del Guardi\u00e1n Espacial en <a href=\"https:\/\/twitter.com\/hashtag\/Lightyear?src=hash&amp;ref_src=twsrc%5Etfw\">#Lightyear<\/a> de Disney y Pixar. Estreno 2022, solo en cines. \ud83d\udcab <a href=\"https:\/\/t.co\/3jUp1IoV7N\">pic.twitter.com\/3jUp1IoV7N<\/a><\/p>&mdash; Disney Studios LA (@DisneyStudiosLA) <a href=\"https:\/\/twitter.com\/DisneyStudiosLA\/status\/1453349600321056768?ref_src=twsrc%5Etfw\">October 27, 2021<\/a><\/blockquote> <script async src=\"https:\/\/platform.twitter.com\/widgets.js\" charset=\"utf-8\"><\/script>\n","protected":false},"excerpt":{"rendered":"<p>La historia de &#8220;Toy Story&#8221; parece a\u00fan no llegar a su fin y para muestra el nuevo adelanto del filme &#8220;Lightyear&#8221;, pel\u00edcula que mostrar\u00e1 el inicio del famoso astronauta amigo de &#8220;Woody&#8221;. Disney y Pixar lanzaron este mi\u00e9rcoles el primer avance que mostrar\u00e1 la historia que inspir\u00f3 la creaci\u00f3n del mu\u00f1eco &#8220;Buzz Lightyear&#8221;. El tr\u00e1iler [&hellip;]<\/p>\n","protected":false},"author":81,"featured_media":188488,"comment_status":"closed","ping_status":"closed","sticky":false,"template":"","format":"standard","meta":{"footnotes":""},"categories":[38],"tags":[],"class_list":["post-188486","post","type-post","status-publish","format-standard","has-post-thumbnail","hentry","category-show"],"_links":{"self":[{"href":"https:\/\/plazajuarez.mx\/historico\/wp-json\/wp\/v2\/posts\/188486","targetHints":{"allow":["GET"]}}],"collection":[{"href":"https:\/\/plazajuarez.mx\/historico\/wp-json\/wp\/v2\/posts"}],"about":[{"href":"https:\/\/plazajuarez.mx\/historico\/wp-json\/wp\/v2\/types\/post"}],"author":[{"embeddable":true,"href":"https:\/\/plazajuarez.mx\/historico\/wp-json\/wp\/v2\/users\/81"}],"replies":[{"embeddable":true,"href":"https:\/\/plazajuarez.mx\/historico\/wp-json\/wp\/v2\/comments?post=188486"}],"version-history":[{"count":0,"href":"https:\/\/plazajuarez.mx\/historico\/wp-json\/wp\/v2\/posts\/188486\/revisions"}],"wp:featuredmedia":[{"embeddable":true,"href":"https:\/\/plazajuarez.mx\/historico\/wp-json\/wp\/v2\/media\/188488"}],"wp:attachment":[{"href":"https:\/\/plazajuarez.mx\/historico\/wp-json\/wp\/v2\/media?parent=188486"}],"wp:term":[{"taxonomy":"category","embeddable":true,"href":"https:\/\/plazajuarez.mx\/historico\/wp-json\/wp\/v2\/categories?post=188486"},{"taxonomy":"post_tag","embeddable":true,"href":"https:\/\/plazajuarez.mx\/historico\/wp-json\/wp\/v2\/tags?post=188486"}],"curies":[{"name":"wp","href":"https:\/\/api.w.org\/{rel}","templated":true}]}}