{"id":188200,"date":"2021-10-26T07:36:45","date_gmt":"2021-10-26T12:36:45","guid":{"rendered":"https:\/\/plazajuarez.mx\/?p=188200"},"modified":"2021-10-26T07:36:57","modified_gmt":"2021-10-26T12:36:57","slug":"el-faro-56","status":"publish","type":"post","link":"https:\/\/plazajuarez.mx\/historico\/el-faro-56\/","title":{"rendered":"El Faro"},"content":{"rendered":"\n<p class=\"wp-block-paragraph\"><\/p>\n\n\n\n<h2 class=\"wp-block-heading\"><strong>Miguel \u00c1ngel Granados Chapa<\/strong><\/h2>\n\n\n\n<p class=\"wp-block-paragraph\">El 10 de marzo de 1941 nac\u00eda en Pachuca el periodista que ocupar\u00e1 las l\u00edneas de la columna de hoy. El 16 de octubre de 2011 muri\u00f3 en la Ciudad de M\u00e9xico. Esto quiere decir que el pasado d\u00eda 16 se cumplieron diez a\u00f1os de su fallecimiento. Como recuerdo de la fecha, diversos actos reavivaron su memoria.<\/p>\n\n\n\n<p class=\"wp-block-paragraph\">Miguel \u00c1ngel Granados Chapa fue un personaje relevante en el camino mexicano hacia la conquista de determinadas bases democr\u00e1ticas. Su voz, normalmente calmada y serena, acompa\u00f1\u00f3 la opini\u00f3n p\u00fablica hacia la libertad de pensamiento y de expresi\u00f3n. Su columna diaria titulada <em>Plaza P\u00fablica<\/em>, era motivo de comentarios diarios desde 1977 hasta dos d\u00edas antes de su muerte en que public\u00f3 su \u00faltima aportaci\u00f3n. Su impronta en el <em>Excelsior<\/em> cl\u00e1sico, en la joven <em>Jornada<\/em>, en el naciente <em>Reforma<\/em> y en <em>Proceso<\/em>, le aseguraban espacios de independencia y autonom\u00eda que cuidaba de sobremanera para poder expresar con agudeza sus pensamientos.<\/p>\n\n\n\n<p class=\"wp-block-paragraph\">Su compromiso c\u00edvico, adem\u00e1s del period\u00edstico y de otras perspectivas, le llev\u00f3 a conformar el ya legendario primer consejo ciudadano del Instituto Federal Electoral (IFE) que dio paso a la primera alternancia pol\u00edtica nacional del Partido Revolucionario Institucional con otras fuerzas pol\u00edticas. La voz ciudadana caracteriz\u00f3 este primer IFE. Los partidos se dedicaron con especial denuedo a desmontar este avance ciudadano para someter nuevamente al Instituto a los intereses pol\u00edticos. Muchas otras participaciones en diferentes \u00e1mbitos de la vida p\u00fablica, pudieran mencionarse tanto en lo nacional como en lo regional, pero no se trata aqu\u00ed de resumir su biograf\u00eda.<\/p>\n\n\n\n<p class=\"wp-block-paragraph\">En la tradicional y c\u00e9ntrica colonia Morelos de la Bella Airosa, el d\u00eda 16 de octubre, se tuvo un acto sencillo de reconocimiento y memoria. Su viuda, Shulamit Goldsmit, en compa\u00f1\u00eda de la familia, amigos y unos pocos conocidos, entre ellos la alumna del maestro, Carmen Aristegui, una de las mejores y m\u00e1s independientes periodistas nacionales, protagonizaron el recordatorio. No hubo pol\u00edticos hidalguenses, lo cual facilit\u00f3 la cercan\u00eda, la espontaneidad y la tranquilidad de los ciudadanos normales. No hubo pol\u00edticos hidalguenses, lo cual demuestra lo que realmente les preocupan la historia, las figuras se\u00f1eras de nuestra sociedad pachuque\u00f1a y los intereses de los dem\u00e1s integrantes de la sociedad, sin m\u00e1s.<\/p>\n\n\n\n<p class=\"wp-block-paragraph\">Solamente la titular del Instituto Municipal para la Cultura de Pachuca tuvo la sensibilidad como para acoger el evento, escuchar a la familia y organizar un sencillo evento con la finalidad de recordar el pensamiento del maestro periodista. En su \u00faltima columna, Granados Chapa nos animaba a todos a seguir trabajando por no caer en la \u201cpudrici\u00f3n que no es destino inexorable\u201d de nuestra naci\u00f3n. A\u00fan tenemos opci\u00f3n de escuchar voces como estas, que lejos de confundir mensajes y complicar realidades, animan a seguir trabajando desde la trinchera de cada uno por el bien com\u00fan con \u00e9tica y compromiso. Ojal\u00e1 no apaguemos estos sonidos. En el parque de la Morelos, junto a las notas de la orquesta de la ciudad, resuenan estas voces de aliento sano.<\/p>\n","protected":false},"excerpt":{"rendered":"<p>Miguel \u00c1ngel Granados Chapa El 10 de marzo de 1941 nac\u00eda en Pachuca el periodista que ocupar\u00e1 las l\u00edneas de la columna de hoy. El 16 de octubre de 2011 muri\u00f3 en la Ciudad de M\u00e9xico. Esto quiere decir que el pasado d\u00eda 16 se cumplieron diez a\u00f1os de su fallecimiento. Como recuerdo de la [&hellip;]<\/p>\n","protected":false},"author":98,"featured_media":182946,"comment_status":"closed","ping_status":"closed","sticky":false,"template":"","format":"standard","meta":{"footnotes":""},"categories":[1006,42],"tags":[],"class_list":["post-188200","post","type-post","status-publish","format-standard","has-post-thumbnail","hentry","category-dr-jesus-ignacio-panedas-galindo","category-nuestrapalabra"],"_links":{"self":[{"href":"https:\/\/plazajuarez.mx\/historico\/wp-json\/wp\/v2\/posts\/188200","targetHints":{"allow":["GET"]}}],"collection":[{"href":"https:\/\/plazajuarez.mx\/historico\/wp-json\/wp\/v2\/posts"}],"about":[{"href":"https:\/\/plazajuarez.mx\/historico\/wp-json\/wp\/v2\/types\/post"}],"author":[{"embeddable":true,"href":"https:\/\/plazajuarez.mx\/historico\/wp-json\/wp\/v2\/users\/98"}],"replies":[{"embeddable":true,"href":"https:\/\/plazajuarez.mx\/historico\/wp-json\/wp\/v2\/comments?post=188200"}],"version-history":[{"count":0,"href":"https:\/\/plazajuarez.mx\/historico\/wp-json\/wp\/v2\/posts\/188200\/revisions"}],"wp:featuredmedia":[{"embeddable":true,"href":"https:\/\/plazajuarez.mx\/historico\/wp-json\/wp\/v2\/media\/182946"}],"wp:attachment":[{"href":"https:\/\/plazajuarez.mx\/historico\/wp-json\/wp\/v2\/media?parent=188200"}],"wp:term":[{"taxonomy":"category","embeddable":true,"href":"https:\/\/plazajuarez.mx\/historico\/wp-json\/wp\/v2\/categories?post=188200"},{"taxonomy":"post_tag","embeddable":true,"href":"https:\/\/plazajuarez.mx\/historico\/wp-json\/wp\/v2\/tags?post=188200"}],"curies":[{"name":"wp","href":"https:\/\/api.w.org\/{rel}","templated":true}]}}