{"id":188192,"date":"2021-10-26T07:31:11","date_gmt":"2021-10-26T12:31:11","guid":{"rendered":"https:\/\/plazajuarez.mx\/?p=188192"},"modified":"2021-10-26T07:31:26","modified_gmt":"2021-10-26T12:31:26","slug":"entrega-fayad-titulos-de-propiedad-en-el-mezquital","status":"publish","type":"post","link":"https:\/\/plazajuarez.mx\/historico\/entrega-fayad-titulos-de-propiedad-en-el-mezquital\/","title":{"rendered":"Entrega Fayad t\u00edtulos de propiedad en El Mezquital"},"content":{"rendered":"\n<p class=\"wp-block-paragraph\">S\u00f3lo el trabajo conjunto, el di\u00e1logo, la concertaci\u00f3n y el cauce legal podr\u00e1 transformar a Hidalgo de la forma en que hemos so\u00f1ado, declar\u00f3 el gobernador Omar Fayad durante una gira de trabajo por el municipio de Ixmiquilpan, donde entreg\u00f3 59 escrituras a 28 beneficiarios.<\/p>\n\n\n\n<p class=\"wp-block-paragraph\">\u201cEste es el desenlace de un asunto que desde el 2013 causaba inestabilidad social aqu\u00ed en la regi\u00f3n y en el municipio de Ixmiquilpan; sin embargo, en esta administraci\u00f3n estatal, el gobierno del estado mostr\u00f3 su posibilidad de llevar a cabo con todo oficio pol\u00edtico y madurez, capacidad de di\u00e1logo y negociaci\u00f3n, as\u00ed como con coordinaci\u00f3n interinstitucional y con los \u00f3rdenes de gobierno para poder resolver este conflicto de tierras\u201d.<\/p>\n\n\n\n<p class=\"wp-block-paragraph\">Para las 28 personas que recibieron las 59 escrituras el tr\u00e1mite fue gratuito, cada una ahorr\u00f3 m\u00e1s de 40 mil pesos, lo que representa un monto total superior a los 2 millones 377 mil pesos en gastos por constancias municipales, certificados de inscripci\u00f3n, juicio, gastos de traslado y escrituras, demostrando as\u00ed el compromiso que la administraci\u00f3n mantiene por priorizar la seguridad jur\u00eddica de las familias hidalguenses.<\/p>\n\n\n\n<p class=\"wp-block-paragraph\">\u201cMi gobierno est\u00e1 llevando a cabo todas las acciones posibles para mantener el orden social y la gobernabilidad en Hidalgo, como la regularizaci\u00f3n de tierras que hoy nos re\u00fanen; estas acciones nos permiten estabilidad social\u201d, puntualiz\u00f3 el jefe del Ejecutivo estatal.<\/p>\n","protected":false},"excerpt":{"rendered":"<p>S\u00f3lo el trabajo conjunto, el di\u00e1logo, la concertaci\u00f3n y el cauce legal podr\u00e1 transformar a Hidalgo de la forma en que hemos so\u00f1ado, declar\u00f3 el gobernador Omar Fayad durante una gira de trabajo por el municipio de Ixmiquilpan, donde entreg\u00f3 59 escrituras a 28 beneficiarios. \u201cEste es el desenlace de un asunto que desde el [&hellip;]<\/p>\n","protected":false},"author":93,"featured_media":188193,"comment_status":"closed","ping_status":"closed","sticky":false,"template":"","format":"standard","meta":{"footnotes":""},"categories":[59,2159],"tags":[],"class_list":["post-188192","post","type-post","status-publish","format-standard","has-post-thumbnail","hentry","category-general","category-noticias-de-hidalgo"],"_links":{"self":[{"href":"https:\/\/plazajuarez.mx\/historico\/wp-json\/wp\/v2\/posts\/188192","targetHints":{"allow":["GET"]}}],"collection":[{"href":"https:\/\/plazajuarez.mx\/historico\/wp-json\/wp\/v2\/posts"}],"about":[{"href":"https:\/\/plazajuarez.mx\/historico\/wp-json\/wp\/v2\/types\/post"}],"author":[{"embeddable":true,"href":"https:\/\/plazajuarez.mx\/historico\/wp-json\/wp\/v2\/users\/93"}],"replies":[{"embeddable":true,"href":"https:\/\/plazajuarez.mx\/historico\/wp-json\/wp\/v2\/comments?post=188192"}],"version-history":[{"count":0,"href":"https:\/\/plazajuarez.mx\/historico\/wp-json\/wp\/v2\/posts\/188192\/revisions"}],"wp:featuredmedia":[{"embeddable":true,"href":"https:\/\/plazajuarez.mx\/historico\/wp-json\/wp\/v2\/media\/188193"}],"wp:attachment":[{"href":"https:\/\/plazajuarez.mx\/historico\/wp-json\/wp\/v2\/media?parent=188192"}],"wp:term":[{"taxonomy":"category","embeddable":true,"href":"https:\/\/plazajuarez.mx\/historico\/wp-json\/wp\/v2\/categories?post=188192"},{"taxonomy":"post_tag","embeddable":true,"href":"https:\/\/plazajuarez.mx\/historico\/wp-json\/wp\/v2\/tags?post=188192"}],"curies":[{"name":"wp","href":"https:\/\/api.w.org\/{rel}","templated":true}]}}