{"id":188108,"date":"2021-10-25T11:39:37","date_gmt":"2021-10-25T16:39:37","guid":{"rendered":"https:\/\/plazajuarez.mx\/?p=188108"},"modified":"2021-10-25T11:39:51","modified_gmt":"2021-10-25T16:39:51","slug":"los-rojinegros-humillan-y-propina-goleada-historica-al-atletico-de-san-luis","status":"publish","type":"post","link":"https:\/\/plazajuarez.mx\/historico\/los-rojinegros-humillan-y-propina-goleada-historica-al-atletico-de-san-luis\/","title":{"rendered":"Los Rojinegros humillan y propina goleada hist\u00f3rica al Atl\u00e9tico de San Luis"},"content":{"rendered":"\n<p class=\"wp-block-paragraph\"><strong>MARCADOR FINAL<\/strong><\/p>\n\n\n\n<p class=\"wp-block-paragraph\"><strong>ATL\u00c9TICO SAN LUIS 2-6 ATLAS&nbsp;<\/strong><\/p>\n\n\n\n<p class=\"wp-block-paragraph\">El Atlas demuestra que el subliderato general no es para nada una coincidencia y aplast\u00f3 en el estadio Alfonso Lastras al Atl\u00e9tico de San Luis con un contundente 2-6.<br>Mart\u00edn Nervo al minuto 10 empezaba la fiesta y pon\u00eda el 0-1 gracias a un remate de cabeza tras un tiro de esquina. El central del Atlas no se conform\u00f3 con una anotaci\u00f3n y al 29&#8242; por la misma v\u00eda firm\u00f3 su doblete y puso el 0-2 que encaminaba el triunfo Rojinegro.<br>Julio Furch al 32&#8242; y Juli\u00e1n Qui\u00f1ones al 45&#8242; se unieron a la fiesta para sentenciar el encuentro con un contundente 0-4 a pocos minutos del medio tiempo y as\u00ed protagonizar un recital ofensivo.<br>Para la segunda mitad, los locales salieron con mayor decisi\u00f3n y al minuto 57 descontaron gracias a la anotaci\u00f3n de Germ\u00e1n Berterame, el goleador del torneo, sin embargo de poco sirvi\u00f3.<\/p>\n","protected":false},"excerpt":{"rendered":"<p>MARCADOR FINAL ATL\u00c9TICO SAN LUIS 2-6 ATLAS&nbsp; El Atlas demuestra que el subliderato general no es para nada una coincidencia y aplast\u00f3 en el estadio Alfonso Lastras al Atl\u00e9tico de San Luis con un contundente 2-6.Mart\u00edn Nervo al minuto 10 empezaba la fiesta y pon\u00eda el 0-1 gracias a un remate de cabeza tras un [&hellip;]<\/p>\n","protected":false},"author":81,"featured_media":188109,"comment_status":"closed","ping_status":"closed","sticky":false,"template":"","format":"standard","meta":{"footnotes":""},"categories":[39],"tags":[],"class_list":["post-188108","post","type-post","status-publish","format-standard","has-post-thumbnail","hentry","category-deportiva"],"_links":{"self":[{"href":"https:\/\/plazajuarez.mx\/historico\/wp-json\/wp\/v2\/posts\/188108","targetHints":{"allow":["GET"]}}],"collection":[{"href":"https:\/\/plazajuarez.mx\/historico\/wp-json\/wp\/v2\/posts"}],"about":[{"href":"https:\/\/plazajuarez.mx\/historico\/wp-json\/wp\/v2\/types\/post"}],"author":[{"embeddable":true,"href":"https:\/\/plazajuarez.mx\/historico\/wp-json\/wp\/v2\/users\/81"}],"replies":[{"embeddable":true,"href":"https:\/\/plazajuarez.mx\/historico\/wp-json\/wp\/v2\/comments?post=188108"}],"version-history":[{"count":0,"href":"https:\/\/plazajuarez.mx\/historico\/wp-json\/wp\/v2\/posts\/188108\/revisions"}],"wp:featuredmedia":[{"embeddable":true,"href":"https:\/\/plazajuarez.mx\/historico\/wp-json\/wp\/v2\/media\/188109"}],"wp:attachment":[{"href":"https:\/\/plazajuarez.mx\/historico\/wp-json\/wp\/v2\/media?parent=188108"}],"wp:term":[{"taxonomy":"category","embeddable":true,"href":"https:\/\/plazajuarez.mx\/historico\/wp-json\/wp\/v2\/categories?post=188108"},{"taxonomy":"post_tag","embeddable":true,"href":"https:\/\/plazajuarez.mx\/historico\/wp-json\/wp\/v2\/tags?post=188108"}],"curies":[{"name":"wp","href":"https:\/\/api.w.org\/{rel}","templated":true}]}}