{"id":1881,"date":"2015-03-07T06:00:00","date_gmt":"2015-03-07T06:00:00","guid":{"rendered":"http:\/\/plazajuarez.mx\/index\/index.php\/2015\/03\/07\/pipa-se-incendia-luego-de-volcar\/"},"modified":"2015-03-07T06:00:00","modified_gmt":"2015-03-07T06:00:00","slug":"pipa-se-incendia-luego-de-volcar","status":"publish","type":"post","link":"https:\/\/plazajuarez.mx\/historico\/pipa-se-incendia-luego-de-volcar\/","title":{"rendered":"Pipa se incendia luego de volcar"},"content":{"rendered":"<p><span style=\"font-family: verdana,geneva; font-size: 10pt;\"><strong>El accidente ocurri\u00f3 en la carretera 180 Veracruz-Poza Rica, a la altura de la comunidad de La Mancha del municipio de Actopan; el conductor de la unidad falleci\u00f3<\/strong><\/span><\/p>\n<p>  <!--more-->  <\/p>\n<p>\u00a0<\/p>\n<p><span style=\"font-family: verdana,geneva; font-size: 10pt;\">Una pipa que transportaba diesel se incendi\u00f3 tras accidentarse en una carretera de la zona centro de Veracruz dejando saldo de una persona muerta.<\/span><\/p>\n<p><span style=\"font-family: verdana,geneva; font-size: 10pt;\">La secretaria de Protecci\u00f3n Civil del gobierno estatal, Yolanda Guti\u00e9rrez Carl\u00edn, inform\u00f3 que el accidente ocurri\u00f3 en la carretera 180 Veracruz-Poza Rica, a la altura de la comunidad de La Mancha del municipio de Actopan.<\/span><\/p>\n<p><span style=\"font-family: verdana,geneva; font-size: 10pt;\">La funcionaria dijo que la pipa sufri\u00f3 un accidente que produjo la volcadura de la unidad, por lo que posteriormente vino el incendio que tambi\u00e9n consumi\u00f3 cien metros de pastizales.<\/span><\/p>\n<p><span style=\"font-family: verdana,geneva; font-size: 10pt;\">&#8220;Se incendi\u00f3, pero no explot\u00f3. Quien iba manejando la unidad falleci\u00f3, pero a\u00fan no tenemos sus datos generales&#8221;, aclar\u00f3.<\/span><\/p>\n<p><span style=\"font-family: verdana,geneva; font-size: 10pt;\">Al lugar de los hechos arrib\u00f3 el personal de Protecci\u00f3n Civil, Polic\u00eda Federal, Secretar\u00eda de Seguridad P\u00fablica y Bomberos, quienes por precauci\u00f3n cerraron la carretera hasta que fuera sofocado el incendio.<\/span><\/p>\n<p><span style=\"font-family: verdana,geneva; font-size: 10pt;\">La funcionaria dijo que \u00e9ste incidente se registr\u00f3 aproximadamente a las 08:50 horas, pero gracias a la r\u00e1pida intervenci\u00f3n no hubo personas externas lesionadas ni afectaciones mayores.<\/span><\/p>\n<p><span style=\"font-family: verdana,geneva; font-size: 10pt;\">Aclar\u00f3 que en ning\u00fan momento \u00e9ste accidente carretero represent\u00f3 riesgo para la planta nucleoel\u00e9ctrica de Laguna Verde, por lo que nunca se evacu\u00f3 a trabajadores ni a pobladores de El Farall\u00f3n.<\/span><\/p>\n","protected":false},"excerpt":{"rendered":"<p>El accidente ocurri\u00f3 en la carretera 180 Veracruz-Poza Rica, a la altura de la comunidad de La Mancha del municipio de Actopan; el conductor de la unidad falleci\u00f3<\/p>\n","protected":false},"author":93,"featured_media":0,"comment_status":"open","ping_status":"open","sticky":false,"template":"","format":"standard","meta":{"footnotes":""},"categories":[37],"tags":[],"class_list":["post-1881","post","type-post","status-publish","format-standard","hentry","category-barandilla"],"_links":{"self":[{"href":"https:\/\/plazajuarez.mx\/historico\/wp-json\/wp\/v2\/posts\/1881","targetHints":{"allow":["GET"]}}],"collection":[{"href":"https:\/\/plazajuarez.mx\/historico\/wp-json\/wp\/v2\/posts"}],"about":[{"href":"https:\/\/plazajuarez.mx\/historico\/wp-json\/wp\/v2\/types\/post"}],"author":[{"embeddable":true,"href":"https:\/\/plazajuarez.mx\/historico\/wp-json\/wp\/v2\/users\/93"}],"replies":[{"embeddable":true,"href":"https:\/\/plazajuarez.mx\/historico\/wp-json\/wp\/v2\/comments?post=1881"}],"version-history":[{"count":0,"href":"https:\/\/plazajuarez.mx\/historico\/wp-json\/wp\/v2\/posts\/1881\/revisions"}],"wp:attachment":[{"href":"https:\/\/plazajuarez.mx\/historico\/wp-json\/wp\/v2\/media?parent=1881"}],"wp:term":[{"taxonomy":"category","embeddable":true,"href":"https:\/\/plazajuarez.mx\/historico\/wp-json\/wp\/v2\/categories?post=1881"},{"taxonomy":"post_tag","embeddable":true,"href":"https:\/\/plazajuarez.mx\/historico\/wp-json\/wp\/v2\/tags?post=1881"}],"curies":[{"name":"wp","href":"https:\/\/api.w.org\/{rel}","templated":true}]}}